{"id":7999,"date":"2019-10-01T06:43:50","date_gmt":"2019-10-01T05:43:50","guid":{"rendered":"http:\/\/www.heimatverein-delligsen.de\/?p=7999"},"modified":"2019-10-01T06:43:50","modified_gmt":"2019-10-01T05:43:50","slug":"wandergruppe-wandert-auf-dem-hilskamm-zum-roten-fuchs","status":"publish","type":"post","link":"https:\/\/www.heimatverein-delligsen.de\/?p=7999","title":{"rendered":"Wandergruppe wandert auf dem Hilskamm zum Roten Fuchs"},"content":{"rendered":"<div data-animation=\"no-animation\" data-icons-animation=\"wobble\" data-overlay=\"\" data-change-size=\"\" data-button-size=\"1\" style=\"font-size:1em!important;display:none;\" class=\"supsystic-social-sharing supsystic-social-sharing-package-flat supsystic-social-sharing-hide-on-homepage supsystic-social-sharing-hide-on-mobile supsystic-social-sharing-spacing supsystic-social-sharing-content supsystic-social-sharing-content-align-right\" data-text=\"\"><a data-networks=\"[]\" class=\"social-sharing-button sharer-flat sharer-flat-4 counter-standard without-counter facebook\" target=\"_blank\" title=\"Facebook\" href=\"http:\/\/www.facebook.com\/sharer.php?u=https%3A%2F%2Fwww.heimatverein-delligsen.de%2F%3Fp%3D7999\" data-main-href=\"http:\/\/www.facebook.com\/sharer.php?u={url}\" data-nid=\"1\" data-name=\"\" data-pid=\"1\" data-post-id=\"7999\" data-url=\"https:\/\/www.heimatverein-delligsen.de\/hvd20\/wp-admin\/admin-ajax.php\" rel=\"nofollow\" data-mailto=\"\"><i class=\"fa-ssbs fa-ssbs-fw fa-ssbs-facebook\"><\/i><div class=\"counter-wrap standard\"><span class=\"counter\">0<\/span><\/div><\/a><a data-networks=\"[]\" class=\"social-sharing-button sharer-flat sharer-flat-4 counter-standard without-counter twitter\" target=\"_blank\" title=\"Twitter\" href=\"https:\/\/twitter.com\/share?url=https%3A%2F%2Fwww.heimatverein-delligsen.de%2F%3Fp%3D7999&text=Wandergruppe+wandert+auf+dem+Hilskamm+zum+Roten+Fuchs\" data-main-href=\"https:\/\/twitter.com\/share?url={url}&text={title}\" data-nid=\"2\" data-name=\"\" data-pid=\"1\" data-post-id=\"7999\" data-url=\"https:\/\/www.heimatverein-delligsen.de\/hvd20\/wp-admin\/admin-ajax.php\" rel=\"nofollow\" data-mailto=\"\"><i class=\"fa-ssbs fa-ssbs-fw fa-ssbs-twitter\"><\/i><div class=\"counter-wrap standard\"><span class=\"counter\">0<\/span><\/div><\/a><a data-networks=\"[]\" class=\"social-sharing-button sharer-flat sharer-flat-4 counter-standard without-counter googleplus\" target=\"_blank\" title=\"Google+\" href=\"https:\/\/plus.google.com\/share?url=https%3A%2F%2Fwww.heimatverein-delligsen.de%2F%3Fp%3D7999\" data-main-href=\"https:\/\/plus.google.com\/share?url={url}\" data-nid=\"3\" data-name=\"\" data-pid=\"1\" data-post-id=\"7999\" data-url=\"https:\/\/www.heimatverein-delligsen.de\/hvd20\/wp-admin\/admin-ajax.php\" rel=\"nofollow\" data-mailto=\"\"><i class=\"fa-ssbs fa-ssbs-fw fa-ssbs-google-plus\"><\/i><div class=\"counter-wrap standard\"><span class=\"counter\">0<\/span><\/div><\/a><a data-networks=\"[]\" class=\"social-sharing-button sharer-flat sharer-flat-4 counter-standard without-counter mail\" target=\"_blank\" title=\"Mail\" href=\"#\" data-main-href=\"#\" data-nid=\"16\" data-name=\"\" data-pid=\"1\" data-post-id=\"7999\" data-url=\"https:\/\/www.heimatverein-delligsen.de\/hvd20\/wp-admin\/admin-ajax.php\" rel=\"nofollow\" data-mailto=\"\"><i class=\"fa-ssbs fa-ssbs-fw fa-ssbs-envelope-o\"><\/i><div class=\"counter-wrap standard\"><span class=\"counter\">0<\/span><\/div><\/a><a data-networks=\"[]\" class=\"social-sharing-button sharer-flat sharer-flat-4 counter-standard without-counter print\" target=\"_blank\" title=\"Drucken\" href=\"#\" data-main-href=\"#\" data-nid=\"14\" data-name=\"\" data-pid=\"1\" data-post-id=\"7999\" data-url=\"https:\/\/www.heimatverein-delligsen.de\/hvd20\/wp-admin\/admin-ajax.php\" rel=\"nofollow\" data-mailto=\"\"><i class=\"fa-ssbs fa-ssbs-fw fa-ssbs-print\"><\/i><div class=\"counter-wrap standard\"><span class=\"counter\">0<\/span><\/div><\/a><\/div><div data-animation=\"no-animation\" data-icons-animation=\"no-animation\" data-overlay=\"\" data-change-size=\"\" data-button-size=\"0.7\" style=\"font-size:0.7em!important;display:none;\" class=\"supsystic-social-sharing supsystic-social-sharing-package-flat supsystic-social-sharing-hide-on-homepage supsystic-social-sharing-show-only-on-mobile supsystic-social-sharing-spacing supsystic-social-sharing-content supsystic-social-sharing-content-align-center\" data-text=\"\"><a data-networks=\"[]\" class=\"social-sharing-button sharer-flat sharer-flat-4 counter-standard without-counter facebook\" target=\"_blank\" title=\"Facebook\" href=\"http:\/\/www.facebook.com\/sharer.php?u=https%3A%2F%2Fwww.heimatverein-delligsen.de%2F%3Fp%3D7999\" data-main-href=\"http:\/\/www.facebook.com\/sharer.php?u={url}\" data-nid=\"1\" data-name=\"\" data-pid=\"2\" data-post-id=\"7999\" data-url=\"https:\/\/www.heimatverein-delligsen.de\/hvd20\/wp-admin\/admin-ajax.php\" rel=\"nofollow\" data-mailto=\"\"><i class=\"fa-ssbs fa-ssbs-fw fa-ssbs-facebook\"><\/i><div class=\"counter-wrap standard\"><span class=\"counter\">0<\/span><\/div><\/a><a data-networks=\"[]\" class=\"social-sharing-button sharer-flat sharer-flat-4 counter-standard without-counter whatsapp\" target=\"_blank\" title=\"WhatsApp\" href=\"https:\/\/web.whatsapp.com\/send?text=https%3A%2F%2Fwww.heimatverein-delligsen.de%2F%3Fp%3D7999\" data-main-href=\"https:\/\/web.whatsapp.com\/send?text={url}\" data-nid=\"18\" data-name=\"\" data-pid=\"2\" data-post-id=\"7999\" data-url=\"https:\/\/www.heimatverein-delligsen.de\/hvd20\/wp-admin\/admin-ajax.php\" rel=\"nofollow\" data-mailto=\"\"><i class=\"fa-ssbs fa-ssbs-fw fa-ssbs-whatsapp\"><\/i><div class=\"counter-wrap standard\"><span class=\"counter\">0<\/span><\/div><\/a><a data-networks=\"[]\" class=\"social-sharing-button sharer-flat sharer-flat-4 counter-standard without-counter twitter\" target=\"_blank\" title=\"Twitter\" href=\"https:\/\/twitter.com\/share?url=https%3A%2F%2Fwww.heimatverein-delligsen.de%2F%3Fp%3D7999&text=Wandergruppe+wandert+auf+dem+Hilskamm+zum+Roten+Fuchs\" data-main-href=\"https:\/\/twitter.com\/share?url={url}&text={title}\" data-nid=\"2\" data-name=\"\" data-pid=\"2\" data-post-id=\"7999\" data-url=\"https:\/\/www.heimatverein-delligsen.de\/hvd20\/wp-admin\/admin-ajax.php\" rel=\"nofollow\" data-mailto=\"\"><i class=\"fa-ssbs fa-ssbs-fw fa-ssbs-twitter\"><\/i><div class=\"counter-wrap standard\"><span class=\"counter\">0<\/span><\/div><\/a><a data-networks=\"[]\" class=\"social-sharing-button sharer-flat sharer-flat-4 counter-standard without-counter googleplus\" target=\"_blank\" title=\"Google+\" href=\"https:\/\/plus.google.com\/share?url=https%3A%2F%2Fwww.heimatverein-delligsen.de%2F%3Fp%3D7999\" data-main-href=\"https:\/\/plus.google.com\/share?url={url}\" data-nid=\"3\" data-name=\"\" data-pid=\"2\" data-post-id=\"7999\" data-url=\"https:\/\/www.heimatverein-delligsen.de\/hvd20\/wp-admin\/admin-ajax.php\" rel=\"nofollow\" data-mailto=\"\"><i class=\"fa-ssbs fa-ssbs-fw fa-ssbs-google-plus\"><\/i><div class=\"counter-wrap standard\"><span class=\"counter\">0<\/span><\/div><\/a><a data-networks=\"[]\" class=\"social-sharing-button sharer-flat sharer-flat-4 counter-standard without-counter mail\" target=\"_blank\" title=\"Mail\" href=\"#\" data-main-href=\"#\" data-nid=\"16\" data-name=\"\" data-pid=\"2\" data-post-id=\"7999\" data-url=\"https:\/\/www.heimatverein-delligsen.de\/hvd20\/wp-admin\/admin-ajax.php\" rel=\"nofollow\" data-mailto=\"\"><i class=\"fa-ssbs fa-ssbs-fw fa-ssbs-envelope-o\"><\/i><div class=\"counter-wrap standard\"><span class=\"counter\">0<\/span><\/div><\/a><\/div><p>Am Sonntag den 22. September machte sich die Wandergruppe unter Leitung von Peter Scholz und Wolfgang Kaste von der J\u00e4gerlinde auf dem Hilskamm auf den Weg zum Roten Fuchs.<\/p>\n<p>Die 15 Wanderfreunde\/innen schafften die ca. 10km lange Etappe in 3 Stunden. Nat\u00fcrlich mit entsprechenden Pausen um zu Vespern und auch den Ausf\u00fchrungen zum Thema Borkenk\u00e4ferbefall an den Fichten und dem Absterben gr\u00f6\u00dfer Buchenbest\u00e4nde aufgrund der extremen Trockenheit zu lauschen.<\/p>\n<p>Am Roten Fuchs angekommen musste man sich etwas gedulden, denn aufgrund des sonnigen Wetter war der Fuchs sehr gut besucht und die K\u00fcche und die Bedienung hatten alle H\u00e4nde voll zu tun. Getr\u00e4nke kamen dennoch sehr schnell und nach einer guten Stunde hatte auch jeder seine Currywurst\/Pommes <span style=\"display: inline !important; float: none; background-color: #ffffff; color: #303030; cursor: text; font-family: 'Open Sans',Tahoma,Arial; font-size: 16.93px; font-style: normal; font-variant: normal; font-weight: 400; letter-spacing: normal; orphans: 2; text-align: left; text-decoration: none; text-indent: 0px; text-transform: none; -webkit-text-stroke-width: 0px; white-space: normal; word-spacing: 0px;\">(wird hier traditionell gegessen und ist sehr zu empfehlen!)<\/span> vor sich stehen.<\/p>\n<p>Um ca. 14:30 Uhr ging es mit zuvor bereitgestellten PKWs wieder zur\u00fcck nach Delligsen.<\/p>\n<div class=\"gmedia_gallery photomania_module is_bot\" id=\"GmediaGallery_184\" data-gmid=\"184\" data-module=\"photomania\"><style class='gmedia_module_style_import'>@import url('https:\/\/www.heimatverein-delligsen.de\/hvd20\/wp-content\/grand-media\/module\/photomania\/css\/styles.photomania.css?v=1.8') all;\/**** .photomania_module #GmediaGallery_184 ****\/\n#GmediaGallery_184 .gmpm_preload {opacity:0;}\n#GmediaGallery_184 .swiper-big-images img.gmpm_the_photo { max-height:100%; max-width:100%; display:inline; width:auto; height:auto; object-fit:unset; vertical-align:middle; border:none; }\n#GmediaGallery_184 .gmpm_focus .swiper-big-images img.gmpm_the_photo { width:auto; height:auto; object-fit:unset; }\n#GmediaGallery_184 .swiper-small-images img.gmpm_photo { max-width:none; max-height:none; }\n#GmediaGallery_184 .swiper-small-images img.gmpm_photo.gmpm_photo_landscape { width:auto; height:100%; }\n#GmediaGallery_184 .swiper-small-images img.gmpm_photo.gmpm_photo_portrait { width:100%; height:auto; }\n#GmediaGallery_184 .gmpm_gallery_sources_list p { margin:7px 0; padding:0; font-size:inherit; }\n#GmediaGallery_184 .gmpm_photo_details .gmpm_description_wrap a,\n#GmediaGallery_184 .gmpm_big_button_wrap .gmpm_button.gmpm_like.gmpm_liked,\n#GmediaGallery_184 .gmpm_big_button_wrap .gmpm_button.gmpm_like.gmpm_liked:hover {color:#096900;}\n#GmediaGallery_184 .gmpm_photo_show .gmpm_big_button {background-color:#096900;}\n#GmediaGallery_184 .swiper-small-images div.gmpm_photo.swiper-slide-active {border-color:#096900;}\n#GmediaGallery_184 .gmpm_photo_header .gmpm_name_wrap .gmpm_title_author a:hover,\n#GmediaGallery_184 .gmpm_photo_details .gmpm_description_wrap a:hover {color:#096900;}\n#GmediaGallery_184 .gmpm_photo_show .gmpm_big_button:hover,\n#GmediaGallery_184 .gmpm_focus_actions ul .gmpm_button.like.gmpm_liked {background-color:#096900;}<\/style>\n\t<div class=\"gmpm_photo_show gmpm_w960 gmpm_w640 gmpm_w480\">\n\n\t\t<div class=\"gmpm_photo_wrap has_prev_photo has_next_photo\">\n\t\t\t<div class=\"swiper-container swiper-big-images\">\n\t\t\t\t<div class=\"gmpm_photo_arrow_next gmpm_photo_arrow gmpm_next\">\n\t\t\t\t\t<div title=\"Next\" class=\"gmpm_arrow\"><\/div>\n\t\t\t\t<\/div>\n\t\t\t\t<div class=\"gmpm_photo_arrow_previous gmpm_photo_arrow gmpm_prev\">\n\t\t\t\t\t<div title=\"Previous\" class=\"gmpm_arrow\"><\/div>\n\t\t\t\t<\/div>\n\t\t\t\t<div class=\"swiper-wrapper\">\n\t\t\t\t\t\n\t\t<div class=\"swiper-slide\" data-hash=\"gmedia3560\" data-photo-id=\"3560\"><span class=\"gmpm_va\"><\/span><img decoding=\"async\" src=\"https:\/\/www.heimatverein-delligsen.de\/hvd20\/wp-content\/grand-media\/image\/01.jpeg\" data-src=\"https:\/\/www.heimatverein-delligsen.de\/hvd20\/wp-content\/grand-media\/image\/01.jpeg\" alt=\"22.09.2019: Wanderung zum Roten Fuchs\" data-protect=\"Eike Heuer\" class=\"noLazy gmpm_the_photo\"><\/div>\n\t\t<div class=\"swiper-slide\" data-hash=\"gmedia3561\" data-photo-id=\"3561\"><span class=\"gmpm_va\"><\/span><img decoding=\"async\" src=\"https:\/\/www.heimatverein-delligsen.de\/hvd20\/wp-content\/grand-media\/image\/02.jpeg\" data-src=\"https:\/\/www.heimatverein-delligsen.de\/hvd20\/wp-content\/grand-media\/image\/02.jpeg\" alt=\"22.09.2019: Wanderung zum Roten Fuchs\" data-protect=\"Eike Heuer\" class=\"noLazy gmpm_the_photo\"><\/div>\n\t\t<div class=\"swiper-slide\" data-hash=\"gmedia3562\" data-photo-id=\"3562\"><span class=\"gmpm_va\"><\/span><img decoding=\"async\" src=\"https:\/\/www.heimatverein-delligsen.de\/hvd20\/wp-content\/grand-media\/image\/03.jpeg\" data-src=\"https:\/\/www.heimatverein-delligsen.de\/hvd20\/wp-content\/grand-media\/image\/03.jpeg\" alt=\"22.09.2019: Wanderung zum Roten Fuchs\" data-protect=\"Eike Heuer\" class=\"noLazy gmpm_the_photo\"><\/div>\n\t\t<div class=\"swiper-slide\" data-hash=\"gmedia3563\" data-photo-id=\"3563\"><span class=\"gmpm_va\"><\/span><img decoding=\"async\" src=\"https:\/\/www.heimatverein-delligsen.de\/hvd20\/wp-content\/grand-media\/image\/04.jpeg\" data-src=\"https:\/\/www.heimatverein-delligsen.de\/hvd20\/wp-content\/grand-media\/image\/04.jpeg\" alt=\"22.09.2019: Wanderung zum Roten Fuchs\" data-protect=\"Eike Heuer\" class=\"noLazy gmpm_the_photo\"><\/div>\n\t\t<div class=\"swiper-slide\" data-hash=\"gmedia3564\" data-photo-id=\"3564\"><span class=\"gmpm_va\"><\/span><img decoding=\"async\" src=\"https:\/\/www.heimatverein-delligsen.de\/hvd20\/wp-content\/grand-media\/image\/05.jpeg\" data-src=\"https:\/\/www.heimatverein-delligsen.de\/hvd20\/wp-content\/grand-media\/image\/05.jpeg\" alt=\"22.09.2019: Wanderung zum Roten Fuchs\" data-protect=\"Eike Heuer\" class=\"noLazy gmpm_the_photo\"><\/div>\n\t\t<div class=\"swiper-slide\" data-hash=\"gmedia3565\" data-photo-id=\"3565\"><span class=\"gmpm_va\"><\/span><img decoding=\"async\" src=\"https:\/\/www.heimatverein-delligsen.de\/hvd20\/wp-content\/grand-media\/image\/06.jpeg\" data-src=\"https:\/\/www.heimatverein-delligsen.de\/hvd20\/wp-content\/grand-media\/image\/06.jpeg\" alt=\"22.09.2019: Wanderung zum Roten Fuchs\" data-protect=\"Eike Heuer\" class=\"noLazy gmpm_the_photo\"><\/div>\n\t\t<div class=\"swiper-slide\" data-hash=\"gmedia3566\" data-photo-id=\"3566\"><span class=\"gmpm_va\"><\/span><img decoding=\"async\" src=\"https:\/\/www.heimatverein-delligsen.de\/hvd20\/wp-content\/grand-media\/image\/07.jpeg\" data-src=\"https:\/\/www.heimatverein-delligsen.de\/hvd20\/wp-content\/grand-media\/image\/07.jpeg\" alt=\"22.09.2019: Wanderung zum Roten Fuchs\" data-protect=\"Eike Heuer\" class=\"noLazy gmpm_the_photo\"><\/div>\n\t\t<div class=\"swiper-slide\" data-hash=\"gmedia3567\" data-photo-id=\"3567\"><span class=\"gmpm_va\"><\/span><img decoding=\"async\" src=\"https:\/\/www.heimatverein-delligsen.de\/hvd20\/wp-content\/grand-media\/image\/08.jpeg\" data-src=\"https:\/\/www.heimatverein-delligsen.de\/hvd20\/wp-content\/grand-media\/image\/08.jpeg\" alt=\"22.09.2019: Wanderung zum Roten Fuchs\" data-protect=\"Eike Heuer\" class=\"noLazy gmpm_the_photo\"><\/div>\t\t\t\t<\/div>\n\t\t\t<\/div>\n\t\t<\/div>\n\n\t\t<div class=\"gmpm_photo_header\">\n\t\t\t<div class=\"gmpm_wrapper gmpm_clearfix\">\n\t\t\t\t<div class=\"gmpm_focus_actions\">\n\t\t\t\t\t\t\t\t\t\t\t\t\t\t\t<ul class=\"gmpm_focus_arrows gmpm_clearfix\">\n\t\t\t\t\t\t<li style=\"list-style:none;\"><a class=\"gmpm_button gmpm_photo_arrow_previous gmpm_prev\">Previous<\/a><\/li>\n\t\t\t\t\t\t<li style=\"list-style:none;\"><a class=\"gmpm_button gmpm_photo_arrow_next gmpm_next\">Next<\/a><\/li>\n\t\t\t\t\t<\/ul>\n\t\t\t\t<\/div>\n\t\t\t\t<div class=\"gmpm_name_wrap gmpm_clearfix gmpm_no_avatar\">\n\t\t\t\t\t\t\t\t\t\t<div class=\"gmpm_title_author\">\n\t\t\t\t\t\t<div class=\"gmpm_title\">22.09.2019: Wanderung zum Roten Fuchs<\/div>\n\t\t\t\t\t\t\t\t\t\t\t<\/div>\n\t\t\t\t<\/div>\n\t\t\t\t<div class=\"gmpm_actions gmpm_clearfix\">\n\t\t\t\t\t<div class=\"gmpm_carousel gmpm_has_previous gmpm_has_next\">\n\t\t\t\t\t\t<div class=\"gmpm_previous_button\"><\/div>\n\t\t\t\t\t\t<div class=\"gmpm_photo_carousel\">\n\t\t\t\t\t\t\t<div class=\"swiper-container swiper-small-images\">\n\t\t\t\t\t\t\t\t<div class=\"swiper-wrapper\">\n\t\t\t\t\t\t\t\t\t\n\t\t<div class=\"swiper-slide gmpm_photo\" data-photo-id=\"3560\"><img decoding=\"async\" src=\"https:\/\/www.heimatverein-delligsen.de\/hvd20\/wp-content\/grand-media\/image\/thumb\/01.jpeg\" data-src=\"https:\/\/www.heimatverein-delligsen.de\/hvd20\/wp-content\/grand-media\/image\/thumb\/01.jpeg\" alt=\"22.09.2019: Wanderung zum Roten Fuchs\" class=\"noLazy gmpm_photo swiper-lazy gmpm_photo_landscape\"><span class=\"swiper-lazy-preloader swiper-lazy-preloader-black\"><\/span><\/div>\n\t\t<div class=\"swiper-slide gmpm_photo\" data-photo-id=\"3561\"><img decoding=\"async\" src=\"https:\/\/www.heimatverein-delligsen.de\/hvd20\/wp-content\/grand-media\/image\/thumb\/02.jpeg\" data-src=\"https:\/\/www.heimatverein-delligsen.de\/hvd20\/wp-content\/grand-media\/image\/thumb\/02.jpeg\" alt=\"22.09.2019: Wanderung zum Roten Fuchs\" class=\"noLazy gmpm_photo swiper-lazy gmpm_photo_landscape\"><span class=\"swiper-lazy-preloader swiper-lazy-preloader-black\"><\/span><\/div>\n\t\t<div class=\"swiper-slide gmpm_photo\" data-photo-id=\"3562\"><img decoding=\"async\" src=\"https:\/\/www.heimatverein-delligsen.de\/hvd20\/wp-content\/grand-media\/image\/thumb\/03.jpeg\" data-src=\"https:\/\/www.heimatverein-delligsen.de\/hvd20\/wp-content\/grand-media\/image\/thumb\/03.jpeg\" alt=\"22.09.2019: Wanderung zum Roten Fuchs\" class=\"noLazy gmpm_photo swiper-lazy gmpm_photo_landscape\"><span class=\"swiper-lazy-preloader swiper-lazy-preloader-black\"><\/span><\/div>\n\t\t<div class=\"swiper-slide gmpm_photo\" data-photo-id=\"3563\"><img decoding=\"async\" src=\"https:\/\/www.heimatverein-delligsen.de\/hvd20\/wp-content\/grand-media\/image\/thumb\/04.jpeg\" data-src=\"https:\/\/www.heimatverein-delligsen.de\/hvd20\/wp-content\/grand-media\/image\/thumb\/04.jpeg\" alt=\"22.09.2019: Wanderung zum Roten Fuchs\" class=\"noLazy gmpm_photo swiper-lazy gmpm_photo_landscape\"><span class=\"swiper-lazy-preloader swiper-lazy-preloader-black\"><\/span><\/div>\n\t\t<div class=\"swiper-slide gmpm_photo\" data-photo-id=\"3564\"><img decoding=\"async\" src=\"https:\/\/www.heimatverein-delligsen.de\/hvd20\/wp-content\/grand-media\/image\/thumb\/05.jpeg\" data-src=\"https:\/\/www.heimatverein-delligsen.de\/hvd20\/wp-content\/grand-media\/image\/thumb\/05.jpeg\" alt=\"22.09.2019: Wanderung zum Roten Fuchs\" class=\"noLazy gmpm_photo swiper-lazy gmpm_photo_landscape\"><span class=\"swiper-lazy-preloader swiper-lazy-preloader-black\"><\/span><\/div>\n\t\t<div class=\"swiper-slide gmpm_photo\" data-photo-id=\"3565\"><img decoding=\"async\" src=\"https:\/\/www.heimatverein-delligsen.de\/hvd20\/wp-content\/grand-media\/image\/thumb\/06.jpeg\" data-src=\"https:\/\/www.heimatverein-delligsen.de\/hvd20\/wp-content\/grand-media\/image\/thumb\/06.jpeg\" alt=\"22.09.2019: Wanderung zum Roten Fuchs\" class=\"noLazy gmpm_photo swiper-lazy gmpm_photo_landscape\"><span class=\"swiper-lazy-preloader swiper-lazy-preloader-black\"><\/span><\/div>\n\t\t<div class=\"swiper-slide gmpm_photo\" data-photo-id=\"3566\"><img decoding=\"async\" src=\"https:\/\/www.heimatverein-delligsen.de\/hvd20\/wp-content\/grand-media\/image\/thumb\/07.jpeg\" data-src=\"https:\/\/www.heimatverein-delligsen.de\/hvd20\/wp-content\/grand-media\/image\/thumb\/07.jpeg\" alt=\"22.09.2019: Wanderung zum Roten Fuchs\" class=\"noLazy gmpm_photo swiper-lazy gmpm_photo_portrait\"><span class=\"swiper-lazy-preloader swiper-lazy-preloader-black\"><\/span><\/div>\n\t\t<div class=\"swiper-slide gmpm_photo\" data-photo-id=\"3567\"><img decoding=\"async\" src=\"https:\/\/www.heimatverein-delligsen.de\/hvd20\/wp-content\/grand-media\/image\/thumb\/08.jpeg\" data-src=\"https:\/\/www.heimatverein-delligsen.de\/hvd20\/wp-content\/grand-media\/image\/thumb\/08.jpeg\" alt=\"22.09.2019: Wanderung zum Roten Fuchs\" class=\"noLazy gmpm_photo swiper-lazy gmpm_photo_portrait\"><span class=\"swiper-lazy-preloader swiper-lazy-preloader-black\"><\/span><\/div>\t\t\t\t\t\t\t\t<\/div>\n\t\t\t\t\t\t\t<\/div>\n\t\t\t\t\t\t<\/div>\n\t\t\t\t\t\t<div class=\"gmpm_next_button\"><\/div>\n\t\t\t\t\t<\/div>\n\t\t\t\t\t\t\t\t\t\t\t\t\t\t\t\t\t\t\t\t\t\t\t\t<\/div>\n\t\t\t<\/div>\n\t\t<\/div>\n\t\t<div class=\"gmpm_focus_close_full\">\n\t\t\t<span><a class=\"gmpm_button gmpm_close\">Close<\/a><\/span>\n\t\t\t<span><a class=\"gmpm_button gmpm_full\">Full<\/a><\/span>\n\t\t<\/div>\n\t\t<div class=\"gmpm_photo_details\">\n\t\t\t<div class=\"gmpm_description_wrap empty-item-description\">\n\t\t\t\t\t\t\t<\/div>\n\t\t<\/div>\n\n\t\t<div class=\"gmpm_focus_footer\">\n\t\t\t<div class=\"gmpm_focus_keyboard\">\n\t\t\t\t<div class=\"gmpm_focus_keyboard_title\">Keyboard Shortcuts <a class=\"gmpm_focus_keyboard_dismiss\">Dismiss<\/a><\/div>\n\t\t\t\t<ul>\n\t\t\t\t\t<li style=\"list-style:none;\"><a data-key=\"p\" class=\"gmpm_key\">S<\/a><span class=\"gmpm_label\">Slideshow<\/span><\/li>\n\t\t\t\t\t<li style=\"list-style:none;\"><a data-key=\"m\" class=\"gmpm_key\">M<\/a><span class=\"gmpm_label\">Maximize<\/span><\/li>\n\t\t\t\t\t<li style=\"list-style:none;\"><a data-key=\"left\" class=\"gmpm_key\">&nbsp;<\/a><span class=\"gmpm_label\">Previous<\/span><\/li>\n\t\t\t\t\t<li style=\"list-style:none;\"><a data-key=\"right\" class=\"gmpm_key\">&nbsp;<\/a><span class=\"gmpm_label\">Next<\/span><\/li>\n\t\t\t\t\t<li style=\"list-style:none;\"><a data-key=\"escape\" class=\"gmpm_key gmpm_esc\">esc<\/a><span class=\"gmpm_label\">Close<\/span><\/li>\n\t\t\t\t<\/ul>\n\t\t\t<\/div>\n\t\t<\/div>\n\n\t<\/div>\n\n\t<script type=\"text\/javascript\">\n\t\t\tdocument.addEventListener( 'DOMContentLoaded', function() {\n\t\t\t\tjQuery( function( $ ) {\n\t\t\t\t\tvar settings = {\"show_comments\":\"0\",\"show_download_button\":\"0\",\"show_link_button\":\"0\",\"show_description\":\"0\",\"show_author_avatar\":\"0\",\"show_author_name\":\"0\",\"show_share_button\":\"0\",\"show_like_button\":\"0\",\"link_color\":\"096900\",\"link_color_hover\":\"096900\",\"description_title\":\"Beschreibung\",\"ID\":184,\"url\":\"https:\\\/\\\/www.heimatverein-delligsen.de?rest_route=%2Fwp%2Fv2%2Fposts%2F7999\",\"moduleUrl\":\"https:\\\/\\\/www.heimatverein-delligsen.de\\\/hvd20\\\/wp-content\\\/grand-media\\\/module\\\/photomania\",\"initial_slide\":0};\n\t\t\t\t\tvar content = {\"data\":[{\"id\":\"3560\",\"type\":\"image\",\"file\":\"01.jpeg\",\"meta\":{\"width\":1328,\"height\":747,\"views\":939,\"likes\":0},\"title\":\"22.09.2019: Wanderung zum Roten Fuchs\",\"alt\":\"22.09.2019: Wanderung zum Roten Fuchs\",\"author\":{\"name\":\"Eike Heuer\",\"posts_link\":\"https:\\\/\\\/www.heimatverein-delligsen.de\\\/?author=1\"},\"post_link\":\"https:\\\/\\\/www.heimatverein-delligsen.de\\\/?gmedia=01-jpeg\",\"ratio\":1.77777777777777767909128669998608529567718505859375},{\"id\":\"3561\",\"type\":\"image\",\"file\":\"02.jpeg\",\"meta\":{\"width\":1328,\"height\":747,\"views\":68,\"likes\":0},\"title\":\"22.09.2019: Wanderung zum Roten Fuchs\",\"alt\":\"22.09.2019: Wanderung zum Roten Fuchs\",\"author\":{\"name\":\"Eike Heuer\",\"posts_link\":\"https:\\\/\\\/www.heimatverein-delligsen.de\\\/?author=1\"},\"post_link\":\"https:\\\/\\\/www.heimatverein-delligsen.de\\\/?gmedia=02-jpeg\",\"ratio\":1.77777777777777767909128669998608529567718505859375},{\"id\":\"3562\",\"type\":\"image\",\"file\":\"03.jpeg\",\"meta\":{\"width\":1328,\"height\":747,\"views\":67,\"likes\":0},\"title\":\"22.09.2019: Wanderung zum Roten Fuchs\",\"alt\":\"22.09.2019: Wanderung zum Roten Fuchs\",\"author\":{\"name\":\"Eike Heuer\",\"posts_link\":\"https:\\\/\\\/www.heimatverein-delligsen.de\\\/?author=1\"},\"post_link\":\"https:\\\/\\\/www.heimatverein-delligsen.de\\\/?gmedia=03-jpeg\",\"ratio\":1.77777777777777767909128669998608529567718505859375},{\"id\":\"3563\",\"type\":\"image\",\"file\":\"04.jpeg\",\"meta\":{\"width\":1328,\"height\":747,\"views\":66,\"likes\":0},\"title\":\"22.09.2019: Wanderung zum Roten Fuchs\",\"alt\":\"22.09.2019: Wanderung zum Roten Fuchs\",\"author\":{\"name\":\"Eike Heuer\",\"posts_link\":\"https:\\\/\\\/www.heimatverein-delligsen.de\\\/?author=1\"},\"post_link\":\"https:\\\/\\\/www.heimatverein-delligsen.de\\\/?gmedia=04-jpeg\",\"ratio\":1.77777777777777767909128669998608529567718505859375},{\"id\":\"3564\",\"type\":\"image\",\"file\":\"05.jpeg\",\"meta\":{\"width\":1328,\"height\":747,\"views\":56,\"likes\":0},\"title\":\"22.09.2019: Wanderung zum Roten Fuchs\",\"alt\":\"22.09.2019: Wanderung zum Roten Fuchs\",\"author\":{\"name\":\"Eike Heuer\",\"posts_link\":\"https:\\\/\\\/www.heimatverein-delligsen.de\\\/?author=1\"},\"post_link\":\"https:\\\/\\\/www.heimatverein-delligsen.de\\\/?gmedia=05-jpeg\",\"ratio\":1.77777777777777767909128669998608529567718505859375},{\"id\":\"3565\",\"type\":\"image\",\"file\":\"06.jpeg\",\"meta\":{\"width\":1328,\"height\":747,\"views\":65,\"likes\":0},\"title\":\"22.09.2019: Wanderung zum Roten Fuchs\",\"alt\":\"22.09.2019: Wanderung zum Roten Fuchs\",\"author\":{\"name\":\"Eike Heuer\",\"posts_link\":\"https:\\\/\\\/www.heimatverein-delligsen.de\\\/?author=1\"},\"post_link\":\"https:\\\/\\\/www.heimatverein-delligsen.de\\\/?gmedia=06-jpeg\",\"ratio\":1.77777777777777767909128669998608529567718505859375},{\"id\":\"3566\",\"type\":\"image\",\"file\":\"07.jpeg\",\"meta\":{\"width\":747,\"height\":1328,\"views\":53,\"likes\":0},\"title\":\"22.09.2019: Wanderung zum Roten Fuchs\",\"alt\":\"22.09.2019: Wanderung zum Roten Fuchs\",\"author\":{\"name\":\"Eike Heuer\",\"posts_link\":\"https:\\\/\\\/www.heimatverein-delligsen.de\\\/?author=1\"},\"post_link\":\"https:\\\/\\\/www.heimatverein-delligsen.de\\\/?gmedia=07-jpeg\",\"ratio\":0.5625},{\"id\":\"3567\",\"type\":\"image\",\"file\":\"08.jpeg\",\"meta\":{\"width\":747,\"height\":1328,\"views\":63,\"likes\":0},\"title\":\"22.09.2019: Wanderung zum Roten Fuchs\",\"alt\":\"22.09.2019: Wanderung zum Roten Fuchs\",\"author\":{\"name\":\"Eike Heuer\",\"posts_link\":\"https:\\\/\\\/www.heimatverein-delligsen.de\\\/?author=1\"},\"post_link\":\"https:\\\/\\\/www.heimatverein-delligsen.de\\\/?gmedia=08-jpeg\",\"ratio\":0.5625}],\"terms\":[]};\n\t\t\t\t\tvar container = $( '#GmediaGallery_184' );\n\t\t\t\t\tcontainer.photomania( settings, content );\n\t\t\t\t\twindow.GmediaGallery_184 = container.data( 'photomania' );\n\t\t\t\t} );\n\t\t\t} );\n\t<\/script><\/div>\n<div data-animation=\"no-animation\" data-icons-animation=\"wobble\" data-overlay=\"\" data-change-size=\"\" data-button-size=\"1\" style=\"font-size:1em!important;display:none;\" class=\"supsystic-social-sharing supsystic-social-sharing-package-flat supsystic-social-sharing-hide-on-homepage supsystic-social-sharing-hide-on-mobile supsystic-social-sharing-spacing supsystic-social-sharing-content supsystic-social-sharing-content-align-right\" data-text=\"\"><a data-networks=\"[]\" class=\"social-sharing-button sharer-flat sharer-flat-4 counter-standard without-counter facebook\" target=\"_blank\" title=\"Facebook\" href=\"http:\/\/www.facebook.com\/sharer.php?u=https%3A%2F%2Fwww.heimatverein-delligsen.de%2F%3Fp%3D7999\" data-main-href=\"http:\/\/www.facebook.com\/sharer.php?u={url}\" data-nid=\"1\" data-name=\"\" data-pid=\"1\" data-post-id=\"7999\" data-url=\"https:\/\/www.heimatverein-delligsen.de\/hvd20\/wp-admin\/admin-ajax.php\" rel=\"nofollow\" data-mailto=\"\"><i class=\"fa-ssbs fa-ssbs-fw fa-ssbs-facebook\"><\/i><div class=\"counter-wrap standard\"><span class=\"counter\">0<\/span><\/div><\/a><a data-networks=\"[]\" class=\"social-sharing-button sharer-flat sharer-flat-4 counter-standard without-counter twitter\" target=\"_blank\" title=\"Twitter\" href=\"https:\/\/twitter.com\/share?url=https%3A%2F%2Fwww.heimatverein-delligsen.de%2F%3Fp%3D7999&text=Wandergruppe+wandert+auf+dem+Hilskamm+zum+Roten+Fuchs\" data-main-href=\"https:\/\/twitter.com\/share?url={url}&text={title}\" data-nid=\"2\" data-name=\"\" data-pid=\"1\" data-post-id=\"7999\" data-url=\"https:\/\/www.heimatverein-delligsen.de\/hvd20\/wp-admin\/admin-ajax.php\" rel=\"nofollow\" data-mailto=\"\"><i class=\"fa-ssbs fa-ssbs-fw fa-ssbs-twitter\"><\/i><div class=\"counter-wrap standard\"><span class=\"counter\">0<\/span><\/div><\/a><a data-networks=\"[]\" class=\"social-sharing-button sharer-flat sharer-flat-4 counter-standard without-counter googleplus\" target=\"_blank\" title=\"Google+\" href=\"https:\/\/plus.google.com\/share?url=https%3A%2F%2Fwww.heimatverein-delligsen.de%2F%3Fp%3D7999\" data-main-href=\"https:\/\/plus.google.com\/share?url={url}\" data-nid=\"3\" data-name=\"\" data-pid=\"1\" data-post-id=\"7999\" data-url=\"https:\/\/www.heimatverein-delligsen.de\/hvd20\/wp-admin\/admin-ajax.php\" rel=\"nofollow\" data-mailto=\"\"><i class=\"fa-ssbs fa-ssbs-fw fa-ssbs-google-plus\"><\/i><div class=\"counter-wrap standard\"><span class=\"counter\">0<\/span><\/div><\/a><a data-networks=\"[]\" class=\"social-sharing-button sharer-flat sharer-flat-4 counter-standard without-counter mail\" target=\"_blank\" title=\"Mail\" href=\"#\" data-main-href=\"#\" data-nid=\"16\" data-name=\"\" data-pid=\"1\" data-post-id=\"7999\" data-url=\"https:\/\/www.heimatverein-delligsen.de\/hvd20\/wp-admin\/admin-ajax.php\" rel=\"nofollow\" data-mailto=\"\"><i class=\"fa-ssbs fa-ssbs-fw fa-ssbs-envelope-o\"><\/i><div class=\"counter-wrap standard\"><span class=\"counter\">0<\/span><\/div><\/a><a data-networks=\"[]\" class=\"social-sharing-button sharer-flat sharer-flat-4 counter-standard without-counter print\" target=\"_blank\" title=\"Drucken\" href=\"#\" data-main-href=\"#\" data-nid=\"14\" data-name=\"\" data-pid=\"1\" data-post-id=\"7999\" data-url=\"https:\/\/www.heimatverein-delligsen.de\/hvd20\/wp-admin\/admin-ajax.php\" rel=\"nofollow\" data-mailto=\"\"><i class=\"fa-ssbs fa-ssbs-fw fa-ssbs-print\"><\/i><div class=\"counter-wrap standard\"><span class=\"counter\">0<\/span><\/div><\/a><\/div>","protected":false},"excerpt":{"rendered":"<div data-animation=\"no-animation\" data-icons-animation=\"wobble\" data-overlay=\"\" data-change-size=\"\" data-button-size=\"1\" style=\"font-size:1em!important;display:none;\" class=\"supsystic-social-sharing supsystic-social-sharing-package-flat supsystic-social-sharing-hide-on-homepage supsystic-social-sharing-hide-on-mobile supsystic-social-sharing-spacing supsystic-social-sharing-content supsystic-social-sharing-content-align-right\" data-text=\"\"><a data-networks=\"[]\" class=\"social-sharing-button sharer-flat sharer-flat-4 counter-standard without-counter facebook\" target=\"_blank\" title=\"Facebook\" href=\"http:\/\/www.facebook.com\/sharer.php?u=https%3A%2F%2Fwww.heimatverein-delligsen.de%2F%3Fp%3D7999\" data-main-href=\"http:\/\/www.facebook.com\/sharer.php?u={url}\" data-nid=\"1\" data-name=\"\" data-pid=\"1\" data-post-id=\"7999\" data-url=\"https:\/\/www.heimatverein-delligsen.de\/hvd20\/wp-admin\/admin-ajax.php\" rel=\"nofollow\" data-mailto=\"\"><i class=\"fa-ssbs fa-ssbs-fw fa-ssbs-facebook\"><\/i><div class=\"counter-wrap standard\"><span class=\"counter\">0<\/span><\/div><\/a><a data-networks=\"[]\" class=\"social-sharing-button sharer-flat sharer-flat-4 counter-standard without-counter twitter\" target=\"_blank\" title=\"Twitter\" href=\"https:\/\/twitter.com\/share?url=https%3A%2F%2Fwww.heimatverein-delligsen.de%2F%3Fp%3D7999&text=Wandergruppe+wandert+auf+dem+Hilskamm+zum+Roten+Fuchs\" data-main-href=\"https:\/\/twitter.com\/share?url={url}&text={title}\" data-nid=\"2\" data-name=\"\" data-pid=\"1\" data-post-id=\"7999\" data-url=\"https:\/\/www.heimatverein-delligsen.de\/hvd20\/wp-admin\/admin-ajax.php\" rel=\"nofollow\" data-mailto=\"\"><i class=\"fa-ssbs fa-ssbs-fw fa-ssbs-twitter\"><\/i><div class=\"counter-wrap standard\"><span class=\"counter\">0<\/span><\/div><\/a><a data-networks=\"[]\" class=\"social-sharing-button sharer-flat sharer-flat-4 counter-standard without-counter googleplus\" target=\"_blank\" title=\"Google+\" href=\"https:\/\/plus.google.com\/share?url=https%3A%2F%2Fwww.heimatverein-delligsen.de%2F%3Fp%3D7999\" data-main-href=\"https:\/\/plus.google.com\/share?url={url}\" data-nid=\"3\" data-name=\"\" data-pid=\"1\" data-post-id=\"7999\" data-url=\"https:\/\/www.heimatverein-delligsen.de\/hvd20\/wp-admin\/admin-ajax.php\" rel=\"nofollow\" data-mailto=\"\"><i class=\"fa-ssbs fa-ssbs-fw fa-ssbs-google-plus\"><\/i><div class=\"counter-wrap standard\"><span class=\"counter\">0<\/span><\/div><\/a><a data-networks=\"[]\" class=\"social-sharing-button sharer-flat sharer-flat-4 counter-standard without-counter mail\" target=\"_blank\" title=\"Mail\" href=\"#\" data-main-href=\"#\" data-nid=\"16\" data-name=\"\" data-pid=\"1\" data-post-id=\"7999\" data-url=\"https:\/\/www.heimatverein-delligsen.de\/hvd20\/wp-admin\/admin-ajax.php\" rel=\"nofollow\" data-mailto=\"\"><i class=\"fa-ssbs fa-ssbs-fw fa-ssbs-envelope-o\"><\/i><div class=\"counter-wrap standard\"><span class=\"counter\">0<\/span><\/div><\/a><a data-networks=\"[]\" class=\"social-sharing-button sharer-flat sharer-flat-4 counter-standard without-counter print\" target=\"_blank\" title=\"Drucken\" href=\"#\" data-main-href=\"#\" data-nid=\"14\" data-name=\"\" data-pid=\"1\" data-post-id=\"7999\" data-url=\"https:\/\/www.heimatverein-delligsen.de\/hvd20\/wp-admin\/admin-ajax.php\" rel=\"nofollow\" data-mailto=\"\"><i class=\"fa-ssbs fa-ssbs-fw fa-ssbs-print\"><\/i><div class=\"counter-wrap standard\"><span class=\"counter\">0<\/span><\/div><\/a><\/div><div data-animation=\"no-animation\" data-icons-animation=\"no-animation\" data-overlay=\"\" data-change-size=\"\" data-button-size=\"0.7\" style=\"font-size:0.7em!important;display:none;\" class=\"supsystic-social-sharing supsystic-social-sharing-package-flat supsystic-social-sharing-hide-on-homepage supsystic-social-sharing-show-only-on-mobile supsystic-social-sharing-spacing supsystic-social-sharing-content supsystic-social-sharing-content-align-center\" data-text=\"\"><a data-networks=\"[]\" class=\"social-sharing-button sharer-flat sharer-flat-4 counter-standard without-counter facebook\" target=\"_blank\" title=\"Facebook\" href=\"http:\/\/www.facebook.com\/sharer.php?u=https%3A%2F%2Fwww.heimatverein-delligsen.de%2F%3Fp%3D7999\" data-main-href=\"http:\/\/www.facebook.com\/sharer.php?u={url}\" data-nid=\"1\" data-name=\"\" data-pid=\"2\" data-post-id=\"7999\" data-url=\"https:\/\/www.heimatverein-delligsen.de\/hvd20\/wp-admin\/admin-ajax.php\" rel=\"nofollow\" data-mailto=\"\"><i class=\"fa-ssbs fa-ssbs-fw fa-ssbs-facebook\"><\/i><div class=\"counter-wrap standard\"><span class=\"counter\">0<\/span><\/div><\/a><a data-networks=\"[]\" class=\"social-sharing-button sharer-flat sharer-flat-4 counter-standard without-counter whatsapp\" target=\"_blank\" title=\"WhatsApp\" href=\"https:\/\/web.whatsapp.com\/send?text=https%3A%2F%2Fwww.heimatverein-delligsen.de%2F%3Fp%3D7999\" data-main-href=\"https:\/\/web.whatsapp.com\/send?text={url}\" data-nid=\"18\" data-name=\"\" data-pid=\"2\" data-post-id=\"7999\" data-url=\"https:\/\/www.heimatverein-delligsen.de\/hvd20\/wp-admin\/admin-ajax.php\" rel=\"nofollow\" data-mailto=\"\"><i class=\"fa-ssbs fa-ssbs-fw fa-ssbs-whatsapp\"><\/i><div class=\"counter-wrap standard\"><span class=\"counter\">0<\/span><\/div><\/a><a data-networks=\"[]\" class=\"social-sharing-button sharer-flat sharer-flat-4 counter-standard without-counter twitter\" target=\"_blank\" title=\"Twitter\" href=\"https:\/\/twitter.com\/share?url=https%3A%2F%2Fwww.heimatverein-delligsen.de%2F%3Fp%3D7999&text=Wandergruppe+wandert+auf+dem+Hilskamm+zum+Roten+Fuchs\" data-main-href=\"https:\/\/twitter.com\/share?url={url}&text={title}\" data-nid=\"2\" data-name=\"\" data-pid=\"2\" data-post-id=\"7999\" data-url=\"https:\/\/www.heimatverein-delligsen.de\/hvd20\/wp-admin\/admin-ajax.php\" rel=\"nofollow\" data-mailto=\"\"><i class=\"fa-ssbs fa-ssbs-fw fa-ssbs-twitter\"><\/i><div class=\"counter-wrap standard\"><span class=\"counter\">0<\/span><\/div><\/a><a data-networks=\"[]\" class=\"social-sharing-button sharer-flat sharer-flat-4 counter-standard without-counter googleplus\" target=\"_blank\" title=\"Google+\" href=\"https:\/\/plus.google.com\/share?url=https%3A%2F%2Fwww.heimatverein-delligsen.de%2F%3Fp%3D7999\" data-main-href=\"https:\/\/plus.google.com\/share?url={url}\" data-nid=\"3\" data-name=\"\" data-pid=\"2\" data-post-id=\"7999\" data-url=\"https:\/\/www.heimatverein-delligsen.de\/hvd20\/wp-admin\/admin-ajax.php\" rel=\"nofollow\" data-mailto=\"\"><i class=\"fa-ssbs fa-ssbs-fw fa-ssbs-google-plus\"><\/i><div class=\"counter-wrap standard\"><span class=\"counter\">0<\/span><\/div><\/a><a data-networks=\"[]\" class=\"social-sharing-button sharer-flat sharer-flat-4 counter-standard without-counter mail\" target=\"_blank\" title=\"Mail\" href=\"#\" data-main-href=\"#\" data-nid=\"16\" data-name=\"\" data-pid=\"2\" data-post-id=\"7999\" data-url=\"https:\/\/www.heimatverein-delligsen.de\/hvd20\/wp-admin\/admin-ajax.php\" rel=\"nofollow\" data-mailto=\"\"><i class=\"fa-ssbs fa-ssbs-fw fa-ssbs-envelope-o\"><\/i><div class=\"counter-wrap standard\"><span class=\"counter\">0<\/span><\/div><\/a><\/div><p>Am Sonntag den 22. September machte sich die Wandergruppe unter Leitung von Peter Scholz und Wolfgang Kaste von der J\u00e4gerlinde<\/p>\n<div data-animation=\"no-animation\" data-icons-animation=\"wobble\" data-overlay=\"\" data-change-size=\"\" data-button-size=\"1\" style=\"font-size:1em!important;display:none;\" class=\"supsystic-social-sharing supsystic-social-sharing-package-flat supsystic-social-sharing-hide-on-homepage supsystic-social-sharing-hide-on-mobile supsystic-social-sharing-spacing supsystic-social-sharing-content supsystic-social-sharing-content-align-right\" data-text=\"\"><a data-networks=\"[]\" class=\"social-sharing-button sharer-flat sharer-flat-4 counter-standard without-counter facebook\" target=\"_blank\" title=\"Facebook\" href=\"http:\/\/www.facebook.com\/sharer.php?u=https%3A%2F%2Fwww.heimatverein-delligsen.de%2F%3Fp%3D7999\" data-main-href=\"http:\/\/www.facebook.com\/sharer.php?u={url}\" data-nid=\"1\" data-name=\"\" data-pid=\"1\" data-post-id=\"7999\" data-url=\"https:\/\/www.heimatverein-delligsen.de\/hvd20\/wp-admin\/admin-ajax.php\" rel=\"nofollow\" data-mailto=\"\"><i class=\"fa-ssbs fa-ssbs-fw fa-ssbs-facebook\"><\/i><div class=\"counter-wrap standard\"><span class=\"counter\">0<\/span><\/div><\/a><a data-networks=\"[]\" class=\"social-sharing-button sharer-flat sharer-flat-4 counter-standard without-counter twitter\" target=\"_blank\" title=\"Twitter\" href=\"https:\/\/twitter.com\/share?url=https%3A%2F%2Fwww.heimatverein-delligsen.de%2F%3Fp%3D7999&text=Wandergruppe+wandert+auf+dem+Hilskamm+zum+Roten+Fuchs\" data-main-href=\"https:\/\/twitter.com\/share?url={url}&text={title}\" data-nid=\"2\" data-name=\"\" data-pid=\"1\" data-post-id=\"7999\" data-url=\"https:\/\/www.heimatverein-delligsen.de\/hvd20\/wp-admin\/admin-ajax.php\" rel=\"nofollow\" data-mailto=\"\"><i class=\"fa-ssbs fa-ssbs-fw fa-ssbs-twitter\"><\/i><div class=\"counter-wrap standard\"><span class=\"counter\">0<\/span><\/div><\/a><a data-networks=\"[]\" class=\"social-sharing-button sharer-flat sharer-flat-4 counter-standard without-counter googleplus\" target=\"_blank\" title=\"Google+\" href=\"https:\/\/plus.google.com\/share?url=https%3A%2F%2Fwww.heimatverein-delligsen.de%2F%3Fp%3D7999\" data-main-href=\"https:\/\/plus.google.com\/share?url={url}\" data-nid=\"3\" data-name=\"\" data-pid=\"1\" data-post-id=\"7999\" data-url=\"https:\/\/www.heimatverein-delligsen.de\/hvd20\/wp-admin\/admin-ajax.php\" rel=\"nofollow\" data-mailto=\"\"><i class=\"fa-ssbs fa-ssbs-fw fa-ssbs-google-plus\"><\/i><div class=\"counter-wrap standard\"><span class=\"counter\">0<\/span><\/div><\/a><a data-networks=\"[]\" class=\"social-sharing-button sharer-flat sharer-flat-4 counter-standard without-counter mail\" target=\"_blank\" title=\"Mail\" href=\"#\" data-main-href=\"#\" data-nid=\"16\" data-name=\"\" data-pid=\"1\" data-post-id=\"7999\" data-url=\"https:\/\/www.heimatverein-delligsen.de\/hvd20\/wp-admin\/admin-ajax.php\" rel=\"nofollow\" data-mailto=\"\"><i class=\"fa-ssbs fa-ssbs-fw fa-ssbs-envelope-o\"><\/i><div class=\"counter-wrap standard\"><span class=\"counter\">0<\/span><\/div><\/a><a data-networks=\"[]\" class=\"social-sharing-button sharer-flat sharer-flat-4 counter-standard without-counter print\" target=\"_blank\" title=\"Drucken\" href=\"#\" data-main-href=\"#\" data-nid=\"14\" data-name=\"\" data-pid=\"1\" data-post-id=\"7999\" data-url=\"https:\/\/www.heimatverein-delligsen.de\/hvd20\/wp-admin\/admin-ajax.php\" rel=\"nofollow\" data-mailto=\"\"><i class=\"fa-ssbs fa-ssbs-fw fa-ssbs-print\"><\/i><div class=\"counter-wrap standard\"><span class=\"counter\">0<\/span><\/div><\/a><\/div>","protected":false},"author":1,"featured_media":8000,"comment_status":"closed","ping_status":"open","sticky":false,"template":"","format":"standard","meta":{"footnotes":""},"categories":[1],"tags":[],"class_list":["post-7999","post","type-post","status-publish","format-standard","has-post-thumbnail","hentry","category-allgemein"],"_links":{"self":[{"href":"https:\/\/www.heimatverein-delligsen.de\/index.php?rest_route=\/wp\/v2\/posts\/7999","targetHints":{"allow":["GET"]}}],"collection":[{"href":"https:\/\/www.heimatverein-delligsen.de\/index.php?rest_route=\/wp\/v2\/posts"}],"about":[{"href":"https:\/\/www.heimatverein-delligsen.de\/index.php?rest_route=\/wp\/v2\/types\/post"}],"author":[{"embeddable":true,"href":"https:\/\/www.heimatverein-delligsen.de\/index.php?rest_route=\/wp\/v2\/users\/1"}],"replies":[{"embeddable":true,"href":"https:\/\/www.heimatverein-delligsen.de\/index.php?rest_route=%2Fwp%2Fv2%2Fcomments&post=7999"}],"version-history":[{"count":1,"href":"https:\/\/www.heimatverein-delligsen.de\/index.php?rest_route=\/wp\/v2\/posts\/7999\/revisions"}],"predecessor-version":[{"id":8001,"href":"https:\/\/www.heimatverein-delligsen.de\/index.php?rest_route=\/wp\/v2\/posts\/7999\/revisions\/8001"}],"wp:featuredmedia":[{"embeddable":true,"href":"https:\/\/www.heimatverein-delligsen.de\/index.php?rest_route=\/wp\/v2\/media\/8000"}],"wp:attachment":[{"href":"https:\/\/www.heimatverein-delligsen.de\/index.php?rest_route=%2Fwp%2Fv2%2Fmedia&parent=7999"}],"wp:term":[{"taxonomy":"category","embeddable":true,"href":"https:\/\/www.heimatverein-delligsen.de\/index.php?rest_route=%2Fwp%2Fv2%2Fcategories&post=7999"},{"taxonomy":"post_tag","embeddable":true,"href":"https:\/\/www.heimatverein-delligsen.de\/index.php?rest_route=%2Fwp%2Fv2%2Ftags&post=7999"}],"curies":[{"name":"wp","href":"https:\/\/api.w.org\/{rel}","templated":true}]}}