{"id":8592,"date":"2021-10-25T12:10:01","date_gmt":"2021-10-25T11:10:01","guid":{"rendered":"https:\/\/www.heimatverein-delligsen.de\/?p=8592"},"modified":"2021-10-25T12:13:34","modified_gmt":"2021-10-25T11:13:34","slug":"pflege-der-heideflaeche-rund-um-das-barbarakreuz","status":"publish","type":"post","link":"https:\/\/www.heimatverein-delligsen.de\/?p=8592","title":{"rendered":"Pflege der Heidefl\u00e4che rund um das Barbarakreuz"},"content":{"rendered":"<div data-animation=\"no-animation\" data-icons-animation=\"wobble\" data-overlay=\"\" data-change-size=\"\" data-button-size=\"1\" style=\"font-size:1em!important;display:none;\" class=\"supsystic-social-sharing supsystic-social-sharing-package-flat supsystic-social-sharing-hide-on-homepage supsystic-social-sharing-hide-on-mobile supsystic-social-sharing-spacing supsystic-social-sharing-content supsystic-social-sharing-content-align-right\" data-text=\"\"><a data-networks=\"[]\" class=\"social-sharing-button sharer-flat sharer-flat-4 counter-standard without-counter facebook\" target=\"_blank\" title=\"Facebook\" href=\"http:\/\/www.facebook.com\/sharer.php?u=https%3A%2F%2Fwww.heimatverein-delligsen.de%2F%3Fp%3D8592\" data-main-href=\"http:\/\/www.facebook.com\/sharer.php?u={url}\" data-nid=\"1\" data-name=\"\" data-pid=\"1\" data-post-id=\"8592\" data-url=\"https:\/\/www.heimatverein-delligsen.de\/hvd20\/wp-admin\/admin-ajax.php\" rel=\"nofollow\" data-mailto=\"\"><i class=\"fa-ssbs fa-ssbs-fw fa-ssbs-facebook\"><\/i><div class=\"counter-wrap standard\"><span class=\"counter\">0<\/span><\/div><\/a><a data-networks=\"[]\" class=\"social-sharing-button sharer-flat sharer-flat-4 counter-standard without-counter twitter\" target=\"_blank\" title=\"Twitter\" href=\"https:\/\/twitter.com\/share?url=https%3A%2F%2Fwww.heimatverein-delligsen.de%2F%3Fp%3D8592&text=Pflege+der+Heidefl%C3%A4che+rund+um+das+Barbarakreuz\" data-main-href=\"https:\/\/twitter.com\/share?url={url}&text={title}\" data-nid=\"2\" data-name=\"\" data-pid=\"1\" data-post-id=\"8592\" data-url=\"https:\/\/www.heimatverein-delligsen.de\/hvd20\/wp-admin\/admin-ajax.php\" rel=\"nofollow\" data-mailto=\"\"><i class=\"fa-ssbs fa-ssbs-fw fa-ssbs-twitter\"><\/i><div class=\"counter-wrap standard\"><span class=\"counter\">0<\/span><\/div><\/a><a data-networks=\"[]\" class=\"social-sharing-button sharer-flat sharer-flat-4 counter-standard without-counter googleplus\" target=\"_blank\" title=\"Google+\" href=\"https:\/\/plus.google.com\/share?url=https%3A%2F%2Fwww.heimatverein-delligsen.de%2F%3Fp%3D8592\" data-main-href=\"https:\/\/plus.google.com\/share?url={url}\" data-nid=\"3\" data-name=\"\" data-pid=\"1\" data-post-id=\"8592\" data-url=\"https:\/\/www.heimatverein-delligsen.de\/hvd20\/wp-admin\/admin-ajax.php\" rel=\"nofollow\" data-mailto=\"\"><i class=\"fa-ssbs fa-ssbs-fw fa-ssbs-google-plus\"><\/i><div class=\"counter-wrap standard\"><span class=\"counter\">0<\/span><\/div><\/a><a data-networks=\"[]\" class=\"social-sharing-button sharer-flat sharer-flat-4 counter-standard without-counter mail\" target=\"_blank\" title=\"Mail\" href=\"#\" data-main-href=\"#\" data-nid=\"16\" data-name=\"\" data-pid=\"1\" data-post-id=\"8592\" data-url=\"https:\/\/www.heimatverein-delligsen.de\/hvd20\/wp-admin\/admin-ajax.php\" rel=\"nofollow\" data-mailto=\"\"><i class=\"fa-ssbs fa-ssbs-fw fa-ssbs-envelope-o\"><\/i><div class=\"counter-wrap standard\"><span class=\"counter\">0<\/span><\/div><\/a><a data-networks=\"[]\" class=\"social-sharing-button sharer-flat sharer-flat-4 counter-standard without-counter print\" target=\"_blank\" title=\"Drucken\" href=\"#\" data-main-href=\"#\" data-nid=\"14\" data-name=\"\" data-pid=\"1\" data-post-id=\"8592\" data-url=\"https:\/\/www.heimatverein-delligsen.de\/hvd20\/wp-admin\/admin-ajax.php\" rel=\"nofollow\" data-mailto=\"\"><i class=\"fa-ssbs fa-ssbs-fw fa-ssbs-print\"><\/i><div class=\"counter-wrap standard\"><span class=\"counter\">0<\/span><\/div><\/a><\/div><div data-animation=\"no-animation\" data-icons-animation=\"no-animation\" data-overlay=\"\" data-change-size=\"\" data-button-size=\"0.7\" style=\"font-size:0.7em!important;display:none;\" class=\"supsystic-social-sharing supsystic-social-sharing-package-flat supsystic-social-sharing-hide-on-homepage supsystic-social-sharing-show-only-on-mobile supsystic-social-sharing-spacing supsystic-social-sharing-content supsystic-social-sharing-content-align-center\" data-text=\"\"><a data-networks=\"[]\" class=\"social-sharing-button sharer-flat sharer-flat-4 counter-standard without-counter facebook\" target=\"_blank\" title=\"Facebook\" href=\"http:\/\/www.facebook.com\/sharer.php?u=https%3A%2F%2Fwww.heimatverein-delligsen.de%2F%3Fp%3D8592\" data-main-href=\"http:\/\/www.facebook.com\/sharer.php?u={url}\" data-nid=\"1\" data-name=\"\" data-pid=\"2\" data-post-id=\"8592\" data-url=\"https:\/\/www.heimatverein-delligsen.de\/hvd20\/wp-admin\/admin-ajax.php\" rel=\"nofollow\" data-mailto=\"\"><i class=\"fa-ssbs fa-ssbs-fw fa-ssbs-facebook\"><\/i><div class=\"counter-wrap standard\"><span class=\"counter\">0<\/span><\/div><\/a><a data-networks=\"[]\" class=\"social-sharing-button sharer-flat sharer-flat-4 counter-standard without-counter whatsapp\" target=\"_blank\" title=\"WhatsApp\" href=\"https:\/\/web.whatsapp.com\/send?text=https%3A%2F%2Fwww.heimatverein-delligsen.de%2F%3Fp%3D8592\" data-main-href=\"https:\/\/web.whatsapp.com\/send?text={url}\" data-nid=\"18\" data-name=\"\" data-pid=\"2\" data-post-id=\"8592\" data-url=\"https:\/\/www.heimatverein-delligsen.de\/hvd20\/wp-admin\/admin-ajax.php\" rel=\"nofollow\" data-mailto=\"\"><i class=\"fa-ssbs fa-ssbs-fw fa-ssbs-whatsapp\"><\/i><div class=\"counter-wrap standard\"><span class=\"counter\">0<\/span><\/div><\/a><a data-networks=\"[]\" class=\"social-sharing-button sharer-flat sharer-flat-4 counter-standard without-counter twitter\" target=\"_blank\" title=\"Twitter\" href=\"https:\/\/twitter.com\/share?url=https%3A%2F%2Fwww.heimatverein-delligsen.de%2F%3Fp%3D8592&text=Pflege+der+Heidefl%C3%A4che+rund+um+das+Barbarakreuz\" data-main-href=\"https:\/\/twitter.com\/share?url={url}&text={title}\" data-nid=\"2\" data-name=\"\" data-pid=\"2\" data-post-id=\"8592\" data-url=\"https:\/\/www.heimatverein-delligsen.de\/hvd20\/wp-admin\/admin-ajax.php\" rel=\"nofollow\" data-mailto=\"\"><i class=\"fa-ssbs fa-ssbs-fw fa-ssbs-twitter\"><\/i><div class=\"counter-wrap standard\"><span class=\"counter\">0<\/span><\/div><\/a><a data-networks=\"[]\" class=\"social-sharing-button sharer-flat sharer-flat-4 counter-standard without-counter googleplus\" target=\"_blank\" title=\"Google+\" href=\"https:\/\/plus.google.com\/share?url=https%3A%2F%2Fwww.heimatverein-delligsen.de%2F%3Fp%3D8592\" data-main-href=\"https:\/\/plus.google.com\/share?url={url}\" data-nid=\"3\" data-name=\"\" data-pid=\"2\" data-post-id=\"8592\" data-url=\"https:\/\/www.heimatverein-delligsen.de\/hvd20\/wp-admin\/admin-ajax.php\" rel=\"nofollow\" data-mailto=\"\"><i class=\"fa-ssbs fa-ssbs-fw fa-ssbs-google-plus\"><\/i><div class=\"counter-wrap standard\"><span class=\"counter\">0<\/span><\/div><\/a><a data-networks=\"[]\" class=\"social-sharing-button sharer-flat sharer-flat-4 counter-standard without-counter mail\" target=\"_blank\" title=\"Mail\" href=\"#\" data-main-href=\"#\" data-nid=\"16\" data-name=\"\" data-pid=\"2\" data-post-id=\"8592\" data-url=\"https:\/\/www.heimatverein-delligsen.de\/hvd20\/wp-admin\/admin-ajax.php\" rel=\"nofollow\" data-mailto=\"\"><i class=\"fa-ssbs fa-ssbs-fw fa-ssbs-envelope-o\"><\/i><div class=\"counter-wrap standard\"><span class=\"counter\">0<\/span><\/div><\/a><\/div><p>Am Freitag , den 22. Oktober 2021 trafen sich Jugendliche und Kinder der Theatergruppe des Heimatvereins Delligsen an der D\u00f6rpm\u00fchle.<\/p>\n<p>Von dort ging es zum Barbarakreuz. Nach einer kurzen Einf\u00fchrung und den Arbeitsauftrag durch unseren F\u00f6rster Thomas Krengel verteilten sich\u00a0 alle auf der Fl\u00e4che, die bearbeitet werden sollte. Unterst\u00fctzt wurden die Kids von einigen Erwachsenen der Einsatzgruppe des Vereins.<\/p>\n<p>Der Auftrag lautete: Die Fl\u00e4che muss von kleinen Fichten und Birken befreit werden. Ameisenm\u00e4\u00dfig begann die Arbeit. Fichtens\u00e4mlinge ausrei\u00dfen und in gro\u00dfe S\u00e4cke werfen. Mit Astscheren wurden Birken abgeknipst und ebenfalls entsorgt.<\/p>\n<p>Die Heidefl\u00e4che am Barbarakreuz muss regelm\u00e4\u00dfig (alle 4-5 Jahre) \u201eentbuscht\u201c werden. In der L\u00fcneburger Heide \u00fcbernehmen das Heidschnuckenherden, hier bei uns m\u00fcssen wir selbst Hand anlegen.<\/p>\n<p>Das Ziel ist der Erhalt der Heidefl\u00e4che, darum wird der Samenanflug von Birke, Fichte und Kiefer im Jungstadium entfernt. Einige wenige B\u00e4ume bleiben aus landschaftsgestalterischen Gr\u00fcnden stehen. Diese wurden im Vorfeld mit blauem Papierband markiert. Die abgeschnittenen jungen B\u00e4umchen wurden von der Fl\u00e4che herunter ger\u00e4umt, um eine zus\u00e4tzliche Humusanreicherung zu unterbinden. Heidekraut w\u00e4chst auf n\u00e4hrstoff\u00e4rmeren Standorten.<\/p>\n<p>Nach zwei Stunden Arbeitseinsatz gab es eine Pause. Thomas zeigte uns die Reste eines alten Kohlemeilers und informierte \u00fcber die Gewinnung von Holzkohle.<\/p>\n<p>Dann gab es in der Barbara Baude Getr\u00e4nke und Gegrilltes zur St\u00e4rkung.<\/p>\n<p>Noch vor dem ersten nachmitt\u00e4glichen Regenguss war alles erledigt und der Platz konnte ges\u00e4ubert zur\u00fcck gelassen werden.<\/p>\n<p>Fr\u00f6hlich, trocken, mit viel Wind ging der Vormittag schnell vorbei. Alle waren mit dem Ergebnis sehr zufrieden.<\/p>\n<p>Diese Aktion zeigt, dass unsere Jugendlichen sehr wohl ein gro\u00dfes Interesse an der Natur haben und bereit sind, sich in ihrer Freizeit an solchen Projekten zu beteiligen!<\/p>\n<p>Das Forstamt bedankt sich ganz herzlich bei allen flei\u00dfigen Helfern, eine absolut gelungene Aktion!<\/p>\n<div class=\"gmedia_gallery photomania_module is_bot\" id=\"GmediaGallery_197\" data-gmid=\"197\" data-module=\"photomania\"><style class='gmedia_module_style_import'>@import url('https:\/\/www.heimatverein-delligsen.de\/hvd20\/wp-content\/grand-media\/module\/photomania\/css\/styles.photomania.css?v=1.8') all;\/**** .photomania_module #GmediaGallery_197 ****\/\n#GmediaGallery_197 .gmpm_preload {opacity:0;}\n#GmediaGallery_197 .swiper-big-images img.gmpm_the_photo { max-height:100%; max-width:100%; display:inline; width:auto; height:auto; object-fit:unset; vertical-align:middle; border:none; }\n#GmediaGallery_197 .gmpm_focus .swiper-big-images img.gmpm_the_photo { width:auto; height:auto; object-fit:unset; }\n#GmediaGallery_197 .swiper-small-images img.gmpm_photo { max-width:none; max-height:none; }\n#GmediaGallery_197 .swiper-small-images img.gmpm_photo.gmpm_photo_landscape { width:auto; height:100%; }\n#GmediaGallery_197 .swiper-small-images img.gmpm_photo.gmpm_photo_portrait { width:100%; height:auto; }\n#GmediaGallery_197 .gmpm_gallery_sources_list p { margin:7px 0; padding:0; font-size:inherit; }\n#GmediaGallery_197 .gmpm_photo_details .gmpm_description_wrap a,\n#GmediaGallery_197 .gmpm_big_button_wrap .gmpm_button.gmpm_like.gmpm_liked,\n#GmediaGallery_197 .gmpm_big_button_wrap .gmpm_button.gmpm_like.gmpm_liked:hover {color:#096900;}\n#GmediaGallery_197 .gmpm_photo_show .gmpm_big_button {background-color:#096900;}\n#GmediaGallery_197 .swiper-small-images div.gmpm_photo.swiper-slide-active {border-color:#096900;}\n#GmediaGallery_197 .gmpm_photo_header .gmpm_name_wrap .gmpm_title_author a:hover,\n#GmediaGallery_197 .gmpm_photo_details .gmpm_description_wrap a:hover {color:#096900;}\n#GmediaGallery_197 .gmpm_photo_show .gmpm_big_button:hover,\n#GmediaGallery_197 .gmpm_focus_actions ul .gmpm_button.like.gmpm_liked {background-color:#096900;}<\/style>\n\t<div class=\"gmpm_photo_show gmpm_w960 gmpm_w640 gmpm_w480\">\n\n\t\t<div class=\"gmpm_photo_wrap has_prev_photo has_next_photo\">\n\t\t\t<div class=\"swiper-container swiper-big-images\">\n\t\t\t\t<div class=\"gmpm_photo_arrow_next gmpm_photo_arrow gmpm_next\">\n\t\t\t\t\t<div title=\"Next\" class=\"gmpm_arrow\"><\/div>\n\t\t\t\t<\/div>\n\t\t\t\t<div class=\"gmpm_photo_arrow_previous gmpm_photo_arrow gmpm_prev\">\n\t\t\t\t\t<div title=\"Previous\" class=\"gmpm_arrow\"><\/div>\n\t\t\t\t<\/div>\n\t\t\t\t<div class=\"swiper-wrapper\">\n\t\t\t\t\t\n\t\t<div class=\"swiper-slide\" data-hash=\"gmedia3720\" data-photo-id=\"3720\"><span class=\"gmpm_va\"><\/span><img decoding=\"async\" src=\"https:\/\/www.heimatverein-delligsen.de\/hvd20\/wp-content\/grand-media\/image\/01.jpg\" data-src=\"https:\/\/www.heimatverein-delligsen.de\/hvd20\/wp-content\/grand-media\/image\/01.jpg\" alt=\"22.10.2021: Pflege Heidefl\u00e4che\" data-protect=\"Eike Heuer\" class=\"noLazy gmpm_the_photo\"><\/div>\n\t\t<div class=\"swiper-slide\" data-hash=\"gmedia3714\" data-photo-id=\"3714\"><span class=\"gmpm_va\"><\/span><img decoding=\"async\" src=\"https:\/\/www.heimatverein-delligsen.de\/hvd20\/wp-content\/grand-media\/image\/02_1.jpeg\" data-src=\"https:\/\/www.heimatverein-delligsen.de\/hvd20\/wp-content\/grand-media\/image\/02_1.jpeg\" alt=\"22.10.2021: Pflege Heidefl\u00e4che\" data-protect=\"Eike Heuer\" class=\"noLazy gmpm_the_photo\"><\/div>\n\t\t<div class=\"swiper-slide\" data-hash=\"gmedia3715\" data-photo-id=\"3715\"><span class=\"gmpm_va\"><\/span><img decoding=\"async\" src=\"https:\/\/www.heimatverein-delligsen.de\/hvd20\/wp-content\/grand-media\/image\/03_1.jpeg\" data-src=\"https:\/\/www.heimatverein-delligsen.de\/hvd20\/wp-content\/grand-media\/image\/03_1.jpeg\" alt=\"22.10.2021: Pflege Heidefl\u00e4che\" data-protect=\"Eike Heuer\" class=\"noLazy gmpm_the_photo\"><\/div>\n\t\t<div class=\"swiper-slide\" data-hash=\"gmedia3716\" data-photo-id=\"3716\"><span class=\"gmpm_va\"><\/span><img decoding=\"async\" src=\"https:\/\/www.heimatverein-delligsen.de\/hvd20\/wp-content\/grand-media\/image\/04_1.jpeg\" data-src=\"https:\/\/www.heimatverein-delligsen.de\/hvd20\/wp-content\/grand-media\/image\/04_1.jpeg\" alt=\"22.10.2021: Pflege Heidefl\u00e4che\" data-protect=\"Eike Heuer\" class=\"noLazy gmpm_the_photo\"><\/div>\n\t\t<div class=\"swiper-slide\" data-hash=\"gmedia3707\" data-photo-id=\"3707\"><span class=\"gmpm_va\"><\/span><img decoding=\"async\" src=\"https:\/\/www.heimatverein-delligsen.de\/hvd20\/wp-content\/grand-media\/image\/05_1.jpeg\" data-src=\"https:\/\/www.heimatverein-delligsen.de\/hvd20\/wp-content\/grand-media\/image\/05_1.jpeg\" alt=\"22.10.2021: Pflege Heidefl\u00e4che\" data-protect=\"Eike Heuer\" class=\"noLazy gmpm_the_photo\"><\/div>\n\t\t<div class=\"swiper-slide\" data-hash=\"gmedia3708\" data-photo-id=\"3708\"><span class=\"gmpm_va\"><\/span><img decoding=\"async\" src=\"https:\/\/www.heimatverein-delligsen.de\/hvd20\/wp-content\/grand-media\/image\/06_1.jpeg\" data-src=\"https:\/\/www.heimatverein-delligsen.de\/hvd20\/wp-content\/grand-media\/image\/06_1.jpeg\" alt=\"22.10.2021: Pflege Heidefl\u00e4che\" data-protect=\"Eike Heuer\" class=\"noLazy gmpm_the_photo\"><\/div>\n\t\t<div class=\"swiper-slide\" data-hash=\"gmedia3709\" data-photo-id=\"3709\"><span class=\"gmpm_va\"><\/span><img decoding=\"async\" src=\"https:\/\/www.heimatverein-delligsen.de\/hvd20\/wp-content\/grand-media\/image\/07_1.jpeg\" data-src=\"https:\/\/www.heimatverein-delligsen.de\/hvd20\/wp-content\/grand-media\/image\/07_1.jpeg\" alt=\"22.10.2021: Pflege Heidefl\u00e4che\" data-protect=\"Eike Heuer\" class=\"noLazy gmpm_the_photo\"><\/div>\n\t\t<div class=\"swiper-slide\" data-hash=\"gmedia3710\" data-photo-id=\"3710\"><span class=\"gmpm_va\"><\/span><img decoding=\"async\" src=\"https:\/\/www.heimatverein-delligsen.de\/hvd20\/wp-content\/grand-media\/image\/08_1.jpeg\" data-src=\"https:\/\/www.heimatverein-delligsen.de\/hvd20\/wp-content\/grand-media\/image\/08_1.jpeg\" alt=\"22.10.2021: Pflege Heidefl\u00e4che\" data-protect=\"Eike Heuer\" class=\"noLazy gmpm_the_photo\"><\/div>\n\t\t<div class=\"swiper-slide\" data-hash=\"gmedia3711\" data-photo-id=\"3711\"><span class=\"gmpm_va\"><\/span><img decoding=\"async\" src=\"https:\/\/www.heimatverein-delligsen.de\/hvd20\/wp-content\/grand-media\/image\/09.jpeg\" data-src=\"https:\/\/www.heimatverein-delligsen.de\/hvd20\/wp-content\/grand-media\/image\/09.jpeg\" alt=\"22.10.2021: Pflege Heidefl\u00e4che\" data-protect=\"Eike Heuer\" class=\"noLazy gmpm_the_photo\"><\/div>\n\t\t<div class=\"swiper-slide\" data-hash=\"gmedia3712\" data-photo-id=\"3712\"><span class=\"gmpm_va\"><\/span><img decoding=\"async\" src=\"https:\/\/www.heimatverein-delligsen.de\/hvd20\/wp-content\/grand-media\/image\/10.jpeg\" data-src=\"https:\/\/www.heimatverein-delligsen.de\/hvd20\/wp-content\/grand-media\/image\/10.jpeg\" alt=\"22.10.2021: Pflege Heidefl\u00e4che\" data-protect=\"Eike Heuer\" class=\"noLazy gmpm_the_photo\"><\/div>\n\t\t<div class=\"swiper-slide\" data-hash=\"gmedia3713\" data-photo-id=\"3713\"><span class=\"gmpm_va\"><\/span><img decoding=\"async\" src=\"https:\/\/www.heimatverein-delligsen.de\/hvd20\/wp-content\/grand-media\/image\/11.jpeg\" data-src=\"https:\/\/www.heimatverein-delligsen.de\/hvd20\/wp-content\/grand-media\/image\/11.jpeg\" alt=\"22.10.2021: Pflege Heidefl\u00e4che\" data-protect=\"Eike Heuer\" class=\"noLazy gmpm_the_photo\"><\/div>\n\t\t<div class=\"swiper-slide\" data-hash=\"gmedia3722\" data-photo-id=\"3722\"><span class=\"gmpm_va\"><\/span><img decoding=\"async\" src=\"https:\/\/www.heimatverein-delligsen.de\/hvd20\/wp-content\/grand-media\/image\/20211022_104951.jpg\" data-src=\"https:\/\/www.heimatverein-delligsen.de\/hvd20\/wp-content\/grand-media\/image\/20211022_104951.jpg\" alt=\"22.10.2021: Pflege Heidefl\u00e4che\" data-protect=\"Eike Heuer\" class=\"noLazy gmpm_the_photo\"><\/div>\n\t\t<div class=\"swiper-slide\" data-hash=\"gmedia3723\" data-photo-id=\"3723\"><span class=\"gmpm_va\"><\/span><img decoding=\"async\" src=\"https:\/\/www.heimatverein-delligsen.de\/hvd20\/wp-content\/grand-media\/image\/20211022_105003.jpg\" data-src=\"https:\/\/www.heimatverein-delligsen.de\/hvd20\/wp-content\/grand-media\/image\/20211022_105003.jpg\" alt=\"22.10.2021: Pflege Heidefl\u00e4che\" data-protect=\"Eike Heuer\" class=\"noLazy gmpm_the_photo\"><\/div>\n\t\t<div class=\"swiper-slide\" data-hash=\"gmedia3724\" data-photo-id=\"3724\"><span class=\"gmpm_va\"><\/span><img decoding=\"async\" src=\"https:\/\/www.heimatverein-delligsen.de\/hvd20\/wp-content\/grand-media\/image\/20211022_105009.jpg\" data-src=\"https:\/\/www.heimatverein-delligsen.de\/hvd20\/wp-content\/grand-media\/image\/20211022_105009.jpg\" alt=\"22.10.2021: Pflege Heidefl\u00e4che\" data-protect=\"Eike Heuer\" class=\"noLazy gmpm_the_photo\"><\/div>\n\t\t<div class=\"swiper-slide\" data-hash=\"gmedia3725\" data-photo-id=\"3725\"><span class=\"gmpm_va\"><\/span><img decoding=\"async\" src=\"https:\/\/www.heimatverein-delligsen.de\/hvd20\/wp-content\/grand-media\/image\/20211022_105022.jpg\" data-src=\"https:\/\/www.heimatverein-delligsen.de\/hvd20\/wp-content\/grand-media\/image\/20211022_105022.jpg\" alt=\"22.10.2021: Pflege Heidefl\u00e4che\" data-protect=\"Eike Heuer\" class=\"noLazy gmpm_the_photo\"><\/div>\n\t\t<div class=\"swiper-slide\" data-hash=\"gmedia3726\" data-photo-id=\"3726\"><span class=\"gmpm_va\"><\/span><img decoding=\"async\" src=\"https:\/\/www.heimatverein-delligsen.de\/hvd20\/wp-content\/grand-media\/image\/20211022_105105.jpg\" data-src=\"https:\/\/www.heimatverein-delligsen.de\/hvd20\/wp-content\/grand-media\/image\/20211022_105105.jpg\" alt=\"22.10.2021: Pflege Heidefl\u00e4che\" data-protect=\"Eike Heuer\" class=\"noLazy gmpm_the_photo\"><\/div>\n\t\t<div class=\"swiper-slide\" data-hash=\"gmedia3727\" data-photo-id=\"3727\"><span class=\"gmpm_va\"><\/span><img decoding=\"async\" src=\"https:\/\/www.heimatverein-delligsen.de\/hvd20\/wp-content\/grand-media\/image\/20211022_105544.jpg\" data-src=\"https:\/\/www.heimatverein-delligsen.de\/hvd20\/wp-content\/grand-media\/image\/20211022_105544.jpg\" alt=\"22.10.2021: Pflege Heidefl\u00e4che\" data-protect=\"Eike Heuer\" class=\"noLazy gmpm_the_photo\"><\/div>\n\t\t<div class=\"swiper-slide\" data-hash=\"gmedia3728\" data-photo-id=\"3728\"><span class=\"gmpm_va\"><\/span><img decoding=\"async\" src=\"https:\/\/www.heimatverein-delligsen.de\/hvd20\/wp-content\/grand-media\/image\/20211022_105546.jpg\" data-src=\"https:\/\/www.heimatverein-delligsen.de\/hvd20\/wp-content\/grand-media\/image\/20211022_105546.jpg\" alt=\"22.10.2021: Pflege Heidefl\u00e4che\" data-protect=\"Eike Heuer\" class=\"noLazy gmpm_the_photo\"><\/div>\n\t\t<div class=\"swiper-slide\" data-hash=\"gmedia3729\" data-photo-id=\"3729\"><span class=\"gmpm_va\"><\/span><img decoding=\"async\" src=\"https:\/\/www.heimatverein-delligsen.de\/hvd20\/wp-content\/grand-media\/image\/20211022_111632.jpg\" data-src=\"https:\/\/www.heimatverein-delligsen.de\/hvd20\/wp-content\/grand-media\/image\/20211022_111632.jpg\" alt=\"22.10.2021: Pflege Heidefl\u00e4che\" data-protect=\"Eike Heuer\" class=\"noLazy gmpm_the_photo\"><\/div>\n\t\t<div class=\"swiper-slide\" data-hash=\"gmedia3730\" data-photo-id=\"3730\"><span class=\"gmpm_va\"><\/span><img decoding=\"async\" src=\"https:\/\/www.heimatverein-delligsen.de\/hvd20\/wp-content\/grand-media\/image\/20211022_111705.jpg\" data-src=\"https:\/\/www.heimatverein-delligsen.de\/hvd20\/wp-content\/grand-media\/image\/20211022_111705.jpg\" alt=\"22.10.2021: Pflege Heidefl\u00e4che\" data-protect=\"Eike Heuer\" class=\"noLazy gmpm_the_photo\"><\/div>\n\t\t<div class=\"swiper-slide\" data-hash=\"gmedia3731\" data-photo-id=\"3731\"><span class=\"gmpm_va\"><\/span><img decoding=\"async\" src=\"https:\/\/www.heimatverein-delligsen.de\/hvd20\/wp-content\/grand-media\/image\/20211022_111706.jpg\" data-src=\"https:\/\/www.heimatverein-delligsen.de\/hvd20\/wp-content\/grand-media\/image\/20211022_111706.jpg\" alt=\"22.10.2021: Pflege Heidefl\u00e4che\" data-protect=\"Eike Heuer\" class=\"noLazy gmpm_the_photo\"><\/div>\n\t\t<div class=\"swiper-slide\" data-hash=\"gmedia3732\" data-photo-id=\"3732\"><span class=\"gmpm_va\"><\/span><img decoding=\"async\" src=\"https:\/\/www.heimatverein-delligsen.de\/hvd20\/wp-content\/grand-media\/image\/20211022_111843.jpg\" data-src=\"https:\/\/www.heimatverein-delligsen.de\/hvd20\/wp-content\/grand-media\/image\/20211022_111843.jpg\" alt=\"22.10.2021: Pflege Heidefl\u00e4che\" data-protect=\"Eike Heuer\" class=\"noLazy gmpm_the_photo\"><\/div>\n\t\t<div class=\"swiper-slide\" data-hash=\"gmedia3733\" data-photo-id=\"3733\"><span class=\"gmpm_va\"><\/span><img decoding=\"async\" src=\"https:\/\/www.heimatverein-delligsen.de\/hvd20\/wp-content\/grand-media\/image\/20211022_115054.jpg\" data-src=\"https:\/\/www.heimatverein-delligsen.de\/hvd20\/wp-content\/grand-media\/image\/20211022_115054.jpg\" alt=\"22.10.2021: Pflege Heidefl\u00e4che\" data-protect=\"Eike Heuer\" class=\"noLazy gmpm_the_photo\"><\/div>\n\t\t<div class=\"swiper-slide\" data-hash=\"gmedia3734\" data-photo-id=\"3734\"><span class=\"gmpm_va\"><\/span><img decoding=\"async\" src=\"https:\/\/www.heimatverein-delligsen.de\/hvd20\/wp-content\/grand-media\/image\/20211022_115055.jpg\" data-src=\"https:\/\/www.heimatverein-delligsen.de\/hvd20\/wp-content\/grand-media\/image\/20211022_115055.jpg\" alt=\"22.10.2021: Pflege Heidefl\u00e4che\" data-protect=\"Eike Heuer\" class=\"noLazy gmpm_the_photo\"><\/div>\n\t\t<div class=\"swiper-slide\" data-hash=\"gmedia3735\" data-photo-id=\"3735\"><span class=\"gmpm_va\"><\/span><img decoding=\"async\" src=\"https:\/\/www.heimatverein-delligsen.de\/hvd20\/wp-content\/grand-media\/image\/20211022_115309.jpg\" data-src=\"https:\/\/www.heimatverein-delligsen.de\/hvd20\/wp-content\/grand-media\/image\/20211022_115309.jpg\" alt=\"22.10.2021: Pflege Heidefl\u00e4che\" data-protect=\"Eike Heuer\" class=\"noLazy gmpm_the_photo\"><\/div>\n\t\t<div class=\"swiper-slide\" data-hash=\"gmedia3736\" data-photo-id=\"3736\"><span class=\"gmpm_va\"><\/span><img decoding=\"async\" src=\"https:\/\/www.heimatverein-delligsen.de\/hvd20\/wp-content\/grand-media\/image\/20211022_121248.jpg\" data-src=\"https:\/\/www.heimatverein-delligsen.de\/hvd20\/wp-content\/grand-media\/image\/20211022_121248.jpg\" alt=\"22.10.2021: Pflege Heidefl\u00e4che\" data-protect=\"Eike Heuer\" class=\"noLazy gmpm_the_photo\"><\/div>\n\t\t<div class=\"swiper-slide\" data-hash=\"gmedia3721\" data-photo-id=\"3721\"><span class=\"gmpm_va\"><\/span><img decoding=\"async\" src=\"https:\/\/www.heimatverein-delligsen.de\/hvd20\/wp-content\/grand-media\/image\/20211022_121312.jpg\" data-src=\"https:\/\/www.heimatverein-delligsen.de\/hvd20\/wp-content\/grand-media\/image\/20211022_121312.jpg\" alt=\"22.10.2021: Pflege Heidefl\u00e4che\" data-protect=\"Eike Heuer\" class=\"noLazy gmpm_the_photo\"><\/div>\t\t\t\t<\/div>\n\t\t\t<\/div>\n\t\t<\/div>\n\n\t\t<div class=\"gmpm_photo_header\">\n\t\t\t<div class=\"gmpm_wrapper gmpm_clearfix\">\n\t\t\t\t<div class=\"gmpm_focus_actions\">\n\t\t\t\t\t\t\t\t\t\t\t\t\t\t\t<ul class=\"gmpm_focus_arrows gmpm_clearfix\">\n\t\t\t\t\t\t<li style=\"list-style:none;\"><a class=\"gmpm_button gmpm_photo_arrow_previous gmpm_prev\">Previous<\/a><\/li>\n\t\t\t\t\t\t<li style=\"list-style:none;\"><a class=\"gmpm_button gmpm_photo_arrow_next gmpm_next\">Next<\/a><\/li>\n\t\t\t\t\t<\/ul>\n\t\t\t\t<\/div>\n\t\t\t\t<div class=\"gmpm_name_wrap gmpm_clearfix gmpm_no_avatar\">\n\t\t\t\t\t\t\t\t\t\t<div class=\"gmpm_title_author\">\n\t\t\t\t\t\t<div class=\"gmpm_title\">22.10.2021: Pflege Heidefl\u00e4che<\/div>\n\t\t\t\t\t\t\t\t\t\t\t<\/div>\n\t\t\t\t<\/div>\n\t\t\t\t<div class=\"gmpm_actions gmpm_clearfix\">\n\t\t\t\t\t<div class=\"gmpm_carousel gmpm_has_previous gmpm_has_next\">\n\t\t\t\t\t\t<div class=\"gmpm_previous_button\"><\/div>\n\t\t\t\t\t\t<div class=\"gmpm_photo_carousel\">\n\t\t\t\t\t\t\t<div class=\"swiper-container swiper-small-images\">\n\t\t\t\t\t\t\t\t<div class=\"swiper-wrapper\">\n\t\t\t\t\t\t\t\t\t\n\t\t<div class=\"swiper-slide gmpm_photo\" data-photo-id=\"3720\"><img decoding=\"async\" src=\"https:\/\/www.heimatverein-delligsen.de\/hvd20\/wp-content\/grand-media\/image\/thumb\/01.jpg\" data-src=\"https:\/\/www.heimatverein-delligsen.de\/hvd20\/wp-content\/grand-media\/image\/thumb\/01.jpg\" alt=\"22.10.2021: Pflege Heidefl\u00e4che\" class=\"noLazy gmpm_photo swiper-lazy gmpm_photo_landscape\"><span class=\"swiper-lazy-preloader swiper-lazy-preloader-black\"><\/span><\/div>\n\t\t<div class=\"swiper-slide gmpm_photo\" data-photo-id=\"3714\"><img decoding=\"async\" src=\"https:\/\/www.heimatverein-delligsen.de\/hvd20\/wp-content\/grand-media\/image\/thumb\/02_1.jpeg\" data-src=\"https:\/\/www.heimatverein-delligsen.de\/hvd20\/wp-content\/grand-media\/image\/thumb\/02_1.jpeg\" alt=\"22.10.2021: Pflege Heidefl\u00e4che\" class=\"noLazy gmpm_photo swiper-lazy gmpm_photo_landscape\"><span class=\"swiper-lazy-preloader swiper-lazy-preloader-black\"><\/span><\/div>\n\t\t<div class=\"swiper-slide gmpm_photo\" data-photo-id=\"3715\"><img decoding=\"async\" src=\"https:\/\/www.heimatverein-delligsen.de\/hvd20\/wp-content\/grand-media\/image\/thumb\/03_1.jpeg\" data-src=\"https:\/\/www.heimatverein-delligsen.de\/hvd20\/wp-content\/grand-media\/image\/thumb\/03_1.jpeg\" alt=\"22.10.2021: Pflege Heidefl\u00e4che\" class=\"noLazy gmpm_photo swiper-lazy gmpm_photo_landscape\"><span class=\"swiper-lazy-preloader swiper-lazy-preloader-black\"><\/span><\/div>\n\t\t<div class=\"swiper-slide gmpm_photo\" data-photo-id=\"3716\"><img decoding=\"async\" src=\"https:\/\/www.heimatverein-delligsen.de\/hvd20\/wp-content\/grand-media\/image\/thumb\/04_1.jpeg\" data-src=\"https:\/\/www.heimatverein-delligsen.de\/hvd20\/wp-content\/grand-media\/image\/thumb\/04_1.jpeg\" alt=\"22.10.2021: Pflege Heidefl\u00e4che\" class=\"noLazy gmpm_photo swiper-lazy gmpm_photo_landscape\"><span class=\"swiper-lazy-preloader swiper-lazy-preloader-black\"><\/span><\/div>\n\t\t<div class=\"swiper-slide gmpm_photo\" data-photo-id=\"3707\"><img decoding=\"async\" src=\"https:\/\/www.heimatverein-delligsen.de\/hvd20\/wp-content\/grand-media\/image\/thumb\/05_1.jpeg\" data-src=\"https:\/\/www.heimatverein-delligsen.de\/hvd20\/wp-content\/grand-media\/image\/thumb\/05_1.jpeg\" alt=\"22.10.2021: Pflege Heidefl\u00e4che\" class=\"noLazy gmpm_photo swiper-lazy gmpm_photo_portrait\"><span class=\"swiper-lazy-preloader swiper-lazy-preloader-black\"><\/span><\/div>\n\t\t<div class=\"swiper-slide gmpm_photo\" data-photo-id=\"3708\"><img decoding=\"async\" src=\"https:\/\/www.heimatverein-delligsen.de\/hvd20\/wp-content\/grand-media\/image\/thumb\/06_1.jpeg\" data-src=\"https:\/\/www.heimatverein-delligsen.de\/hvd20\/wp-content\/grand-media\/image\/thumb\/06_1.jpeg\" alt=\"22.10.2021: Pflege Heidefl\u00e4che\" class=\"noLazy gmpm_photo swiper-lazy gmpm_photo_landscape\"><span class=\"swiper-lazy-preloader swiper-lazy-preloader-black\"><\/span><\/div>\n\t\t<div class=\"swiper-slide gmpm_photo\" data-photo-id=\"3709\"><img decoding=\"async\" src=\"https:\/\/www.heimatverein-delligsen.de\/hvd20\/wp-content\/grand-media\/image\/thumb\/07_1.jpeg\" data-src=\"https:\/\/www.heimatverein-delligsen.de\/hvd20\/wp-content\/grand-media\/image\/thumb\/07_1.jpeg\" alt=\"22.10.2021: Pflege Heidefl\u00e4che\" class=\"noLazy gmpm_photo swiper-lazy gmpm_photo_landscape\"><span class=\"swiper-lazy-preloader swiper-lazy-preloader-black\"><\/span><\/div>\n\t\t<div class=\"swiper-slide gmpm_photo\" data-photo-id=\"3710\"><img decoding=\"async\" src=\"https:\/\/www.heimatverein-delligsen.de\/hvd20\/wp-content\/grand-media\/image\/thumb\/08_1.jpeg\" data-src=\"https:\/\/www.heimatverein-delligsen.de\/hvd20\/wp-content\/grand-media\/image\/thumb\/08_1.jpeg\" alt=\"22.10.2021: Pflege Heidefl\u00e4che\" class=\"noLazy gmpm_photo swiper-lazy gmpm_photo_portrait\"><span class=\"swiper-lazy-preloader swiper-lazy-preloader-black\"><\/span><\/div>\n\t\t<div class=\"swiper-slide gmpm_photo\" data-photo-id=\"3711\"><img decoding=\"async\" src=\"https:\/\/www.heimatverein-delligsen.de\/hvd20\/wp-content\/grand-media\/image\/thumb\/09.jpeg\" data-src=\"https:\/\/www.heimatverein-delligsen.de\/hvd20\/wp-content\/grand-media\/image\/thumb\/09.jpeg\" alt=\"22.10.2021: Pflege Heidefl\u00e4che\" class=\"noLazy gmpm_photo swiper-lazy gmpm_photo_portrait\"><span class=\"swiper-lazy-preloader swiper-lazy-preloader-black\"><\/span><\/div>\n\t\t<div class=\"swiper-slide gmpm_photo\" data-photo-id=\"3712\"><img decoding=\"async\" src=\"https:\/\/www.heimatverein-delligsen.de\/hvd20\/wp-content\/grand-media\/image\/thumb\/10.jpeg\" data-src=\"https:\/\/www.heimatverein-delligsen.de\/hvd20\/wp-content\/grand-media\/image\/thumb\/10.jpeg\" alt=\"22.10.2021: Pflege Heidefl\u00e4che\" class=\"noLazy gmpm_photo swiper-lazy gmpm_photo_landscape\"><span class=\"swiper-lazy-preloader swiper-lazy-preloader-black\"><\/span><\/div>\n\t\t<div class=\"swiper-slide gmpm_photo\" data-photo-id=\"3713\"><img decoding=\"async\" src=\"https:\/\/www.heimatverein-delligsen.de\/hvd20\/wp-content\/grand-media\/image\/thumb\/11.jpeg\" data-src=\"https:\/\/www.heimatverein-delligsen.de\/hvd20\/wp-content\/grand-media\/image\/thumb\/11.jpeg\" alt=\"22.10.2021: Pflege Heidefl\u00e4che\" class=\"noLazy gmpm_photo swiper-lazy gmpm_photo_landscape\"><span class=\"swiper-lazy-preloader swiper-lazy-preloader-black\"><\/span><\/div>\n\t\t<div class=\"swiper-slide gmpm_photo\" data-photo-id=\"3722\"><img decoding=\"async\" src=\"https:\/\/www.heimatverein-delligsen.de\/hvd20\/wp-content\/grand-media\/image\/thumb\/20211022_104951.jpg\" data-src=\"https:\/\/www.heimatverein-delligsen.de\/hvd20\/wp-content\/grand-media\/image\/thumb\/20211022_104951.jpg\" alt=\"22.10.2021: Pflege Heidefl\u00e4che\" class=\"noLazy gmpm_photo swiper-lazy gmpm_photo_landscape\"><span class=\"swiper-lazy-preloader swiper-lazy-preloader-black\"><\/span><\/div>\n\t\t<div class=\"swiper-slide gmpm_photo\" data-photo-id=\"3723\"><img decoding=\"async\" src=\"https:\/\/www.heimatverein-delligsen.de\/hvd20\/wp-content\/grand-media\/image\/thumb\/20211022_105003.jpg\" data-src=\"https:\/\/www.heimatverein-delligsen.de\/hvd20\/wp-content\/grand-media\/image\/thumb\/20211022_105003.jpg\" alt=\"22.10.2021: Pflege Heidefl\u00e4che\" class=\"noLazy gmpm_photo swiper-lazy gmpm_photo_landscape\"><span class=\"swiper-lazy-preloader swiper-lazy-preloader-black\"><\/span><\/div>\n\t\t<div class=\"swiper-slide gmpm_photo\" data-photo-id=\"3724\"><img decoding=\"async\" src=\"https:\/\/www.heimatverein-delligsen.de\/hvd20\/wp-content\/grand-media\/image\/thumb\/20211022_105009.jpg\" data-src=\"https:\/\/www.heimatverein-delligsen.de\/hvd20\/wp-content\/grand-media\/image\/thumb\/20211022_105009.jpg\" alt=\"22.10.2021: Pflege Heidefl\u00e4che\" class=\"noLazy gmpm_photo swiper-lazy gmpm_photo_landscape\"><span class=\"swiper-lazy-preloader swiper-lazy-preloader-black\"><\/span><\/div>\n\t\t<div class=\"swiper-slide gmpm_photo\" data-photo-id=\"3725\"><img decoding=\"async\" src=\"https:\/\/www.heimatverein-delligsen.de\/hvd20\/wp-content\/grand-media\/image\/thumb\/20211022_105022.jpg\" data-src=\"https:\/\/www.heimatverein-delligsen.de\/hvd20\/wp-content\/grand-media\/image\/thumb\/20211022_105022.jpg\" alt=\"22.10.2021: Pflege Heidefl\u00e4che\" class=\"noLazy gmpm_photo swiper-lazy gmpm_photo_landscape\"><span class=\"swiper-lazy-preloader swiper-lazy-preloader-black\"><\/span><\/div>\n\t\t<div class=\"swiper-slide gmpm_photo\" data-photo-id=\"3726\"><img decoding=\"async\" src=\"https:\/\/www.heimatverein-delligsen.de\/hvd20\/wp-content\/grand-media\/image\/thumb\/20211022_105105.jpg\" data-src=\"https:\/\/www.heimatverein-delligsen.de\/hvd20\/wp-content\/grand-media\/image\/thumb\/20211022_105105.jpg\" alt=\"22.10.2021: Pflege Heidefl\u00e4che\" class=\"noLazy gmpm_photo swiper-lazy gmpm_photo_landscape\"><span class=\"swiper-lazy-preloader swiper-lazy-preloader-black\"><\/span><\/div>\n\t\t<div class=\"swiper-slide gmpm_photo\" data-photo-id=\"3727\"><img decoding=\"async\" src=\"https:\/\/www.heimatverein-delligsen.de\/hvd20\/wp-content\/grand-media\/image\/thumb\/20211022_105544.jpg\" data-src=\"https:\/\/www.heimatverein-delligsen.de\/hvd20\/wp-content\/grand-media\/image\/thumb\/20211022_105544.jpg\" alt=\"22.10.2021: Pflege Heidefl\u00e4che\" class=\"noLazy gmpm_photo swiper-lazy gmpm_photo_landscape\"><span class=\"swiper-lazy-preloader swiper-lazy-preloader-black\"><\/span><\/div>\n\t\t<div class=\"swiper-slide gmpm_photo\" data-photo-id=\"3728\"><img decoding=\"async\" src=\"https:\/\/www.heimatverein-delligsen.de\/hvd20\/wp-content\/grand-media\/image\/thumb\/20211022_105546.jpg\" data-src=\"https:\/\/www.heimatverein-delligsen.de\/hvd20\/wp-content\/grand-media\/image\/thumb\/20211022_105546.jpg\" alt=\"22.10.2021: Pflege Heidefl\u00e4che\" class=\"noLazy gmpm_photo swiper-lazy gmpm_photo_landscape\"><span class=\"swiper-lazy-preloader swiper-lazy-preloader-black\"><\/span><\/div>\n\t\t<div class=\"swiper-slide gmpm_photo\" data-photo-id=\"3729\"><img decoding=\"async\" src=\"https:\/\/www.heimatverein-delligsen.de\/hvd20\/wp-content\/grand-media\/image\/thumb\/20211022_111632.jpg\" data-src=\"https:\/\/www.heimatverein-delligsen.de\/hvd20\/wp-content\/grand-media\/image\/thumb\/20211022_111632.jpg\" alt=\"22.10.2021: Pflege Heidefl\u00e4che\" class=\"noLazy gmpm_photo swiper-lazy gmpm_photo_landscape\"><span class=\"swiper-lazy-preloader swiper-lazy-preloader-black\"><\/span><\/div>\n\t\t<div class=\"swiper-slide gmpm_photo\" data-photo-id=\"3730\"><img decoding=\"async\" src=\"https:\/\/www.heimatverein-delligsen.de\/hvd20\/wp-content\/grand-media\/image\/thumb\/20211022_111705.jpg\" data-src=\"https:\/\/www.heimatverein-delligsen.de\/hvd20\/wp-content\/grand-media\/image\/thumb\/20211022_111705.jpg\" alt=\"22.10.2021: Pflege Heidefl\u00e4che\" class=\"noLazy gmpm_photo swiper-lazy gmpm_photo_landscape\"><span class=\"swiper-lazy-preloader swiper-lazy-preloader-black\"><\/span><\/div>\n\t\t<div class=\"swiper-slide gmpm_photo\" data-photo-id=\"3731\"><img decoding=\"async\" src=\"https:\/\/www.heimatverein-delligsen.de\/hvd20\/wp-content\/grand-media\/image\/thumb\/20211022_111706.jpg\" data-src=\"https:\/\/www.heimatverein-delligsen.de\/hvd20\/wp-content\/grand-media\/image\/thumb\/20211022_111706.jpg\" alt=\"22.10.2021: Pflege Heidefl\u00e4che\" class=\"noLazy gmpm_photo swiper-lazy gmpm_photo_landscape\"><span class=\"swiper-lazy-preloader swiper-lazy-preloader-black\"><\/span><\/div>\n\t\t<div class=\"swiper-slide gmpm_photo\" data-photo-id=\"3732\"><img decoding=\"async\" src=\"https:\/\/www.heimatverein-delligsen.de\/hvd20\/wp-content\/grand-media\/image\/thumb\/20211022_111843.jpg\" data-src=\"https:\/\/www.heimatverein-delligsen.de\/hvd20\/wp-content\/grand-media\/image\/thumb\/20211022_111843.jpg\" alt=\"22.10.2021: Pflege Heidefl\u00e4che\" class=\"noLazy gmpm_photo swiper-lazy gmpm_photo_landscape\"><span class=\"swiper-lazy-preloader swiper-lazy-preloader-black\"><\/span><\/div>\n\t\t<div class=\"swiper-slide gmpm_photo\" data-photo-id=\"3733\"><img decoding=\"async\" src=\"https:\/\/www.heimatverein-delligsen.de\/hvd20\/wp-content\/grand-media\/image\/thumb\/20211022_115054.jpg\" data-src=\"https:\/\/www.heimatverein-delligsen.de\/hvd20\/wp-content\/grand-media\/image\/thumb\/20211022_115054.jpg\" alt=\"22.10.2021: Pflege Heidefl\u00e4che\" class=\"noLazy gmpm_photo swiper-lazy gmpm_photo_landscape\"><span class=\"swiper-lazy-preloader swiper-lazy-preloader-black\"><\/span><\/div>\n\t\t<div class=\"swiper-slide gmpm_photo\" data-photo-id=\"3734\"><img decoding=\"async\" src=\"https:\/\/www.heimatverein-delligsen.de\/hvd20\/wp-content\/grand-media\/image\/thumb\/20211022_115055.jpg\" data-src=\"https:\/\/www.heimatverein-delligsen.de\/hvd20\/wp-content\/grand-media\/image\/thumb\/20211022_115055.jpg\" alt=\"22.10.2021: Pflege Heidefl\u00e4che\" class=\"noLazy gmpm_photo swiper-lazy gmpm_photo_landscape\"><span class=\"swiper-lazy-preloader swiper-lazy-preloader-black\"><\/span><\/div>\n\t\t<div class=\"swiper-slide gmpm_photo\" data-photo-id=\"3735\"><img decoding=\"async\" src=\"https:\/\/www.heimatverein-delligsen.de\/hvd20\/wp-content\/grand-media\/image\/thumb\/20211022_115309.jpg\" data-src=\"https:\/\/www.heimatverein-delligsen.de\/hvd20\/wp-content\/grand-media\/image\/thumb\/20211022_115309.jpg\" alt=\"22.10.2021: Pflege Heidefl\u00e4che\" class=\"noLazy gmpm_photo swiper-lazy gmpm_photo_landscape\"><span class=\"swiper-lazy-preloader swiper-lazy-preloader-black\"><\/span><\/div>\n\t\t<div class=\"swiper-slide gmpm_photo\" data-photo-id=\"3736\"><img decoding=\"async\" src=\"https:\/\/www.heimatverein-delligsen.de\/hvd20\/wp-content\/grand-media\/image\/thumb\/20211022_121248.jpg\" data-src=\"https:\/\/www.heimatverein-delligsen.de\/hvd20\/wp-content\/grand-media\/image\/thumb\/20211022_121248.jpg\" alt=\"22.10.2021: Pflege Heidefl\u00e4che\" class=\"noLazy gmpm_photo swiper-lazy gmpm_photo_portrait\"><span class=\"swiper-lazy-preloader swiper-lazy-preloader-black\"><\/span><\/div>\n\t\t<div class=\"swiper-slide gmpm_photo\" data-photo-id=\"3721\"><img decoding=\"async\" src=\"https:\/\/www.heimatverein-delligsen.de\/hvd20\/wp-content\/grand-media\/image\/thumb\/20211022_121312.jpg\" data-src=\"https:\/\/www.heimatverein-delligsen.de\/hvd20\/wp-content\/grand-media\/image\/thumb\/20211022_121312.jpg\" alt=\"22.10.2021: Pflege Heidefl\u00e4che\" class=\"noLazy gmpm_photo swiper-lazy gmpm_photo_landscape\"><span class=\"swiper-lazy-preloader swiper-lazy-preloader-black\"><\/span><\/div>\t\t\t\t\t\t\t\t<\/div>\n\t\t\t\t\t\t\t<\/div>\n\t\t\t\t\t\t<\/div>\n\t\t\t\t\t\t<div class=\"gmpm_next_button\"><\/div>\n\t\t\t\t\t<\/div>\n\t\t\t\t\t\t\t\t\t\t\t\t\t\t\t\t\t\t\t\t\t\t\t\t<\/div>\n\t\t\t<\/div>\n\t\t<\/div>\n\t\t<div class=\"gmpm_focus_close_full\">\n\t\t\t<span><a class=\"gmpm_button gmpm_close\">Close<\/a><\/span>\n\t\t\t<span><a class=\"gmpm_button gmpm_full\">Full<\/a><\/span>\n\t\t<\/div>\n\t\t<div class=\"gmpm_photo_details\">\n\t\t\t<div class=\"gmpm_description_wrap empty-item-description\">\n\t\t\t\t\t\t\t<\/div>\n\t\t<\/div>\n\n\t\t<div class=\"gmpm_focus_footer\">\n\t\t\t<div class=\"gmpm_focus_keyboard\">\n\t\t\t\t<div class=\"gmpm_focus_keyboard_title\">Keyboard Shortcuts <a class=\"gmpm_focus_keyboard_dismiss\">Dismiss<\/a><\/div>\n\t\t\t\t<ul>\n\t\t\t\t\t<li style=\"list-style:none;\"><a data-key=\"p\" class=\"gmpm_key\">S<\/a><span class=\"gmpm_label\">Slideshow<\/span><\/li>\n\t\t\t\t\t<li style=\"list-style:none;\"><a data-key=\"m\" class=\"gmpm_key\">M<\/a><span class=\"gmpm_label\">Maximize<\/span><\/li>\n\t\t\t\t\t<li style=\"list-style:none;\"><a data-key=\"left\" class=\"gmpm_key\">&nbsp;<\/a><span class=\"gmpm_label\">Previous<\/span><\/li>\n\t\t\t\t\t<li style=\"list-style:none;\"><a data-key=\"right\" class=\"gmpm_key\">&nbsp;<\/a><span class=\"gmpm_label\">Next<\/span><\/li>\n\t\t\t\t\t<li style=\"list-style:none;\"><a data-key=\"escape\" class=\"gmpm_key gmpm_esc\">esc<\/a><span class=\"gmpm_label\">Close<\/span><\/li>\n\t\t\t\t<\/ul>\n\t\t\t<\/div>\n\t\t<\/div>\n\n\t<\/div>\n\n\t<script type=\"text\/javascript\">\n\t\t\tdocument.addEventListener( 'DOMContentLoaded', function() {\n\t\t\t\tjQuery( function( $ ) {\n\t\t\t\t\tvar settings = {\"show_comments\":\"0\",\"show_download_button\":\"0\",\"show_link_button\":\"0\",\"show_description\":\"0\",\"show_author_avatar\":\"0\",\"show_author_name\":\"0\",\"show_share_button\":\"0\",\"show_like_button\":\"0\",\"link_color\":\"096900\",\"link_color_hover\":\"096900\",\"description_title\":\"Beschreibung\",\"ID\":197,\"url\":\"https:\\\/\\\/www.heimatverein-delligsen.de?rest_route=%2Fwp%2Fv2%2Fposts%2F8592\",\"moduleUrl\":\"https:\\\/\\\/www.heimatverein-delligsen.de\\\/hvd20\\\/wp-content\\\/grand-media\\\/module\\\/photomania\",\"initial_slide\":0};\n\t\t\t\t\tvar content = {\"data\":[{\"id\":\"3720\",\"type\":\"image\",\"file\":\"01.jpg\",\"meta\":{\"width\":1024,\"height\":768,\"views\":604,\"likes\":0},\"title\":\"22.10.2021: Pflege Heidefl\\u00e4che\",\"alt\":\"22.10.2021: Pflege Heidefl\\u00e4che\",\"author\":{\"name\":\"Eike Heuer\",\"posts_link\":\"https:\\\/\\\/www.heimatverein-delligsen.de\\\/?author=1\"},\"post_link\":\"https:\\\/\\\/www.heimatverein-delligsen.de\\\/?gmedia=01-jpg\",\"ratio\":1.3333333333333332593184650249895639717578887939453125},{\"id\":\"3714\",\"type\":\"image\",\"file\":\"02_1.jpeg\",\"meta\":{\"width\":1024,\"height\":576,\"views\":107,\"likes\":0},\"title\":\"22.10.2021: Pflege Heidefl\\u00e4che\",\"alt\":\"22.10.2021: Pflege Heidefl\\u00e4che\",\"author\":{\"name\":\"Eike Heuer\",\"posts_link\":\"https:\\\/\\\/www.heimatverein-delligsen.de\\\/?author=1\"},\"post_link\":\"https:\\\/\\\/www.heimatverein-delligsen.de\\\/?gmedia=02_1-jpeg\",\"ratio\":1.77777777777777767909128669998608529567718505859375},{\"id\":\"3715\",\"type\":\"image\",\"file\":\"03_1.jpeg\",\"meta\":{\"width\":1024,\"height\":576,\"views\":92,\"likes\":0},\"title\":\"22.10.2021: Pflege Heidefl\\u00e4che\",\"alt\":\"22.10.2021: Pflege Heidefl\\u00e4che\",\"author\":{\"name\":\"Eike Heuer\",\"posts_link\":\"https:\\\/\\\/www.heimatverein-delligsen.de\\\/?author=1\"},\"post_link\":\"https:\\\/\\\/www.heimatverein-delligsen.de\\\/?gmedia=03_1-jpeg\",\"ratio\":1.77777777777777767909128669998608529567718505859375},{\"id\":\"3716\",\"type\":\"image\",\"file\":\"04_1.jpeg\",\"meta\":{\"width\":1024,\"height\":576,\"views\":83,\"likes\":0},\"title\":\"22.10.2021: Pflege Heidefl\\u00e4che\",\"alt\":\"22.10.2021: Pflege Heidefl\\u00e4che\",\"author\":{\"name\":\"Eike Heuer\",\"posts_link\":\"https:\\\/\\\/www.heimatverein-delligsen.de\\\/?author=1\"},\"post_link\":\"https:\\\/\\\/www.heimatverein-delligsen.de\\\/?gmedia=04_1-jpeg\",\"ratio\":1.77777777777777767909128669998608529567718505859375},{\"id\":\"3707\",\"type\":\"image\",\"file\":\"05_1.jpeg\",\"meta\":{\"width\":576,\"height\":1024,\"views\":57,\"likes\":0},\"title\":\"22.10.2021: Pflege Heidefl\\u00e4che\",\"alt\":\"22.10.2021: Pflege Heidefl\\u00e4che\",\"author\":{\"name\":\"Eike Heuer\",\"posts_link\":\"https:\\\/\\\/www.heimatverein-delligsen.de\\\/?author=1\"},\"post_link\":\"https:\\\/\\\/www.heimatverein-delligsen.de\\\/?gmedia=05_1-jpeg\",\"ratio\":0.5625},{\"id\":\"3708\",\"type\":\"image\",\"file\":\"06_1.jpeg\",\"meta\":{\"width\":1024,\"height\":576,\"views\":80,\"likes\":0},\"title\":\"22.10.2021: Pflege Heidefl\\u00e4che\",\"alt\":\"22.10.2021: Pflege Heidefl\\u00e4che\",\"author\":{\"name\":\"Eike Heuer\",\"posts_link\":\"https:\\\/\\\/www.heimatverein-delligsen.de\\\/?author=1\"},\"post_link\":\"https:\\\/\\\/www.heimatverein-delligsen.de\\\/?gmedia=06_1-jpeg\",\"ratio\":1.77777777777777767909128669998608529567718505859375},{\"id\":\"3709\",\"type\":\"image\",\"file\":\"07_1.jpeg\",\"meta\":{\"width\":1024,\"height\":768,\"views\":77,\"likes\":0},\"title\":\"22.10.2021: Pflege Heidefl\\u00e4che\",\"alt\":\"22.10.2021: Pflege Heidefl\\u00e4che\",\"author\":{\"name\":\"Eike Heuer\",\"posts_link\":\"https:\\\/\\\/www.heimatverein-delligsen.de\\\/?author=1\"},\"post_link\":\"https:\\\/\\\/www.heimatverein-delligsen.de\\\/?gmedia=07_1-jpeg\",\"ratio\":1.3333333333333332593184650249895639717578887939453125},{\"id\":\"3710\",\"type\":\"image\",\"file\":\"08_1.jpeg\",\"meta\":{\"width\":768,\"height\":1024,\"views\":79,\"likes\":0},\"title\":\"22.10.2021: Pflege Heidefl\\u00e4che\",\"alt\":\"22.10.2021: Pflege Heidefl\\u00e4che\",\"author\":{\"name\":\"Eike Heuer\",\"posts_link\":\"https:\\\/\\\/www.heimatverein-delligsen.de\\\/?author=1\"},\"post_link\":\"https:\\\/\\\/www.heimatverein-delligsen.de\\\/?gmedia=08_1-jpeg\",\"ratio\":0.75},{\"id\":\"3711\",\"type\":\"image\",\"file\":\"09.jpeg\",\"meta\":{\"width\":576,\"height\":1024,\"views\":51,\"likes\":0},\"title\":\"22.10.2021: Pflege Heidefl\\u00e4che\",\"alt\":\"22.10.2021: Pflege Heidefl\\u00e4che\",\"author\":{\"name\":\"Eike Heuer\",\"posts_link\":\"https:\\\/\\\/www.heimatverein-delligsen.de\\\/?author=1\"},\"post_link\":\"https:\\\/\\\/www.heimatverein-delligsen.de\\\/?gmedia=09-jpeg\",\"ratio\":0.5625},{\"id\":\"3712\",\"type\":\"image\",\"file\":\"10.jpeg\",\"meta\":{\"width\":1024,\"height\":768,\"views\":40,\"likes\":0},\"title\":\"22.10.2021: Pflege Heidefl\\u00e4che\",\"alt\":\"22.10.2021: Pflege Heidefl\\u00e4che\",\"author\":{\"name\":\"Eike Heuer\",\"posts_link\":\"https:\\\/\\\/www.heimatverein-delligsen.de\\\/?author=1\"},\"post_link\":\"https:\\\/\\\/www.heimatverein-delligsen.de\\\/?gmedia=10-jpeg\",\"ratio\":1.3333333333333332593184650249895639717578887939453125},{\"id\":\"3713\",\"type\":\"image\",\"file\":\"11.jpeg\",\"meta\":{\"width\":1024,\"height\":768,\"views\":63,\"likes\":0},\"title\":\"22.10.2021: Pflege Heidefl\\u00e4che\",\"alt\":\"22.10.2021: Pflege Heidefl\\u00e4che\",\"author\":{\"name\":\"Eike Heuer\",\"posts_link\":\"https:\\\/\\\/www.heimatverein-delligsen.de\\\/?author=1\"},\"post_link\":\"https:\\\/\\\/www.heimatverein-delligsen.de\\\/?gmedia=11-jpeg\",\"ratio\":1.3333333333333332593184650249895639717578887939453125},{\"id\":\"3722\",\"type\":\"image\",\"file\":\"20211022_104951.jpg\",\"meta\":{\"width\":1024,\"height\":768,\"views\":45,\"likes\":0},\"title\":\"22.10.2021: Pflege Heidefl\\u00e4che\",\"alt\":\"22.10.2021: Pflege Heidefl\\u00e4che\",\"author\":{\"name\":\"Eike Heuer\",\"posts_link\":\"https:\\\/\\\/www.heimatverein-delligsen.de\\\/?author=1\"},\"post_link\":\"https:\\\/\\\/www.heimatverein-delligsen.de\\\/?gmedia=20211022_104951-jpg\",\"ratio\":1.3333333333333332593184650249895639717578887939453125},{\"id\":\"3723\",\"type\":\"image\",\"file\":\"20211022_105003.jpg\",\"meta\":{\"width\":1024,\"height\":768,\"views\":47,\"likes\":0},\"title\":\"22.10.2021: Pflege Heidefl\\u00e4che\",\"alt\":\"22.10.2021: Pflege Heidefl\\u00e4che\",\"author\":{\"name\":\"Eike Heuer\",\"posts_link\":\"https:\\\/\\\/www.heimatverein-delligsen.de\\\/?author=1\"},\"post_link\":\"https:\\\/\\\/www.heimatverein-delligsen.de\\\/?gmedia=20211022_105003-jpg\",\"ratio\":1.3333333333333332593184650249895639717578887939453125},{\"id\":\"3724\",\"type\":\"image\",\"file\":\"20211022_105009.jpg\",\"meta\":{\"width\":1024,\"height\":768,\"views\":44,\"likes\":0},\"title\":\"22.10.2021: Pflege Heidefl\\u00e4che\",\"alt\":\"22.10.2021: Pflege Heidefl\\u00e4che\",\"author\":{\"name\":\"Eike Heuer\",\"posts_link\":\"https:\\\/\\\/www.heimatverein-delligsen.de\\\/?author=1\"},\"post_link\":\"https:\\\/\\\/www.heimatverein-delligsen.de\\\/?gmedia=20211022_105009-jpg\",\"ratio\":1.3333333333333332593184650249895639717578887939453125},{\"id\":\"3725\",\"type\":\"image\",\"file\":\"20211022_105022.jpg\",\"meta\":{\"width\":1024,\"height\":768,\"views\":40,\"likes\":0},\"title\":\"22.10.2021: Pflege Heidefl\\u00e4che\",\"alt\":\"22.10.2021: Pflege Heidefl\\u00e4che\",\"author\":{\"name\":\"Eike Heuer\",\"posts_link\":\"https:\\\/\\\/www.heimatverein-delligsen.de\\\/?author=1\"},\"post_link\":\"https:\\\/\\\/www.heimatverein-delligsen.de\\\/?gmedia=20211022_105022-jpg\",\"ratio\":1.3333333333333332593184650249895639717578887939453125},{\"id\":\"3726\",\"type\":\"image\",\"file\":\"20211022_105105.jpg\",\"meta\":{\"width\":1024,\"height\":768,\"views\":56,\"likes\":0},\"title\":\"22.10.2021: Pflege Heidefl\\u00e4che\",\"alt\":\"22.10.2021: Pflege Heidefl\\u00e4che\",\"author\":{\"name\":\"Eike Heuer\",\"posts_link\":\"https:\\\/\\\/www.heimatverein-delligsen.de\\\/?author=1\"},\"post_link\":\"https:\\\/\\\/www.heimatverein-delligsen.de\\\/?gmedia=20211022_105105-jpg\",\"ratio\":1.3333333333333332593184650249895639717578887939453125},{\"id\":\"3727\",\"type\":\"image\",\"file\":\"20211022_105544.jpg\",\"meta\":{\"width\":1024,\"height\":768,\"views\":61,\"likes\":0},\"title\":\"22.10.2021: Pflege Heidefl\\u00e4che\",\"alt\":\"22.10.2021: Pflege Heidefl\\u00e4che\",\"author\":{\"name\":\"Eike Heuer\",\"posts_link\":\"https:\\\/\\\/www.heimatverein-delligsen.de\\\/?author=1\"},\"post_link\":\"https:\\\/\\\/www.heimatverein-delligsen.de\\\/?gmedia=20211022_105544-jpg\",\"ratio\":1.3333333333333332593184650249895639717578887939453125},{\"id\":\"3728\",\"type\":\"image\",\"file\":\"20211022_105546.jpg\",\"meta\":{\"width\":1024,\"height\":768,\"views\":43,\"likes\":0},\"title\":\"22.10.2021: Pflege Heidefl\\u00e4che\",\"alt\":\"22.10.2021: Pflege Heidefl\\u00e4che\",\"author\":{\"name\":\"Eike Heuer\",\"posts_link\":\"https:\\\/\\\/www.heimatverein-delligsen.de\\\/?author=1\"},\"post_link\":\"https:\\\/\\\/www.heimatverein-delligsen.de\\\/?gmedia=20211022_105546-jpg\",\"ratio\":1.3333333333333332593184650249895639717578887939453125},{\"id\":\"3729\",\"type\":\"image\",\"file\":\"20211022_111632.jpg\",\"meta\":{\"width\":1024,\"height\":768,\"views\":41,\"likes\":0},\"title\":\"22.10.2021: Pflege Heidefl\\u00e4che\",\"alt\":\"22.10.2021: Pflege Heidefl\\u00e4che\",\"author\":{\"name\":\"Eike Heuer\",\"posts_link\":\"https:\\\/\\\/www.heimatverein-delligsen.de\\\/?author=1\"},\"post_link\":\"https:\\\/\\\/www.heimatverein-delligsen.de\\\/?gmedia=20211022_111632-jpg\",\"ratio\":1.3333333333333332593184650249895639717578887939453125},{\"id\":\"3730\",\"type\":\"image\",\"file\":\"20211022_111705.jpg\",\"meta\":{\"width\":1024,\"height\":768,\"views\":29,\"likes\":0},\"title\":\"22.10.2021: Pflege Heidefl\\u00e4che\",\"alt\":\"22.10.2021: Pflege Heidefl\\u00e4che\",\"author\":{\"name\":\"Eike Heuer\",\"posts_link\":\"https:\\\/\\\/www.heimatverein-delligsen.de\\\/?author=1\"},\"post_link\":\"https:\\\/\\\/www.heimatverein-delligsen.de\\\/?gmedia=20211022_111705-jpg\",\"ratio\":1.3333333333333332593184650249895639717578887939453125},{\"id\":\"3731\",\"type\":\"image\",\"file\":\"20211022_111706.jpg\",\"meta\":{\"width\":1024,\"height\":768,\"views\":26,\"likes\":0},\"title\":\"22.10.2021: Pflege Heidefl\\u00e4che\",\"alt\":\"22.10.2021: Pflege Heidefl\\u00e4che\",\"author\":{\"name\":\"Eike Heuer\",\"posts_link\":\"https:\\\/\\\/www.heimatverein-delligsen.de\\\/?author=1\"},\"post_link\":\"https:\\\/\\\/www.heimatverein-delligsen.de\\\/?gmedia=20211022_111706-jpg\",\"ratio\":1.3333333333333332593184650249895639717578887939453125},{\"id\":\"3732\",\"type\":\"image\",\"file\":\"20211022_111843.jpg\",\"meta\":{\"width\":1024,\"height\":768,\"views\":37,\"likes\":0},\"title\":\"22.10.2021: Pflege Heidefl\\u00e4che\",\"alt\":\"22.10.2021: Pflege Heidefl\\u00e4che\",\"author\":{\"name\":\"Eike Heuer\",\"posts_link\":\"https:\\\/\\\/www.heimatverein-delligsen.de\\\/?author=1\"},\"post_link\":\"https:\\\/\\\/www.heimatverein-delligsen.de\\\/?gmedia=20211022_111843-jpg\",\"ratio\":1.3333333333333332593184650249895639717578887939453125},{\"id\":\"3733\",\"type\":\"image\",\"file\":\"20211022_115054.jpg\",\"meta\":{\"width\":1024,\"height\":768,\"views\":46,\"likes\":0},\"title\":\"22.10.2021: Pflege Heidefl\\u00e4che\",\"alt\":\"22.10.2021: Pflege Heidefl\\u00e4che\",\"author\":{\"name\":\"Eike Heuer\",\"posts_link\":\"https:\\\/\\\/www.heimatverein-delligsen.de\\\/?author=1\"},\"post_link\":\"https:\\\/\\\/www.heimatverein-delligsen.de\\\/?gmedia=20211022_115054-jpg\",\"ratio\":1.3333333333333332593184650249895639717578887939453125},{\"id\":\"3734\",\"type\":\"image\",\"file\":\"20211022_115055.jpg\",\"meta\":{\"width\":1024,\"height\":768,\"views\":25,\"likes\":0},\"title\":\"22.10.2021: Pflege Heidefl\\u00e4che\",\"alt\":\"22.10.2021: Pflege Heidefl\\u00e4che\",\"author\":{\"name\":\"Eike Heuer\",\"posts_link\":\"https:\\\/\\\/www.heimatverein-delligsen.de\\\/?author=1\"},\"post_link\":\"https:\\\/\\\/www.heimatverein-delligsen.de\\\/?gmedia=20211022_115055-jpg\",\"ratio\":1.3333333333333332593184650249895639717578887939453125},{\"id\":\"3735\",\"type\":\"image\",\"file\":\"20211022_115309.jpg\",\"meta\":{\"width\":1024,\"height\":768,\"views\":37,\"likes\":0},\"title\":\"22.10.2021: Pflege Heidefl\\u00e4che\",\"alt\":\"22.10.2021: Pflege Heidefl\\u00e4che\",\"author\":{\"name\":\"Eike Heuer\",\"posts_link\":\"https:\\\/\\\/www.heimatverein-delligsen.de\\\/?author=1\"},\"post_link\":\"https:\\\/\\\/www.heimatverein-delligsen.de\\\/?gmedia=20211022_115309-jpg\",\"ratio\":1.3333333333333332593184650249895639717578887939453125},{\"id\":\"3736\",\"type\":\"image\",\"file\":\"20211022_121248.jpg\",\"meta\":{\"width\":576,\"height\":768,\"views\":50,\"likes\":0},\"title\":\"22.10.2021: Pflege Heidefl\\u00e4che\",\"alt\":\"22.10.2021: Pflege Heidefl\\u00e4che\",\"author\":{\"name\":\"Eike Heuer\",\"posts_link\":\"https:\\\/\\\/www.heimatverein-delligsen.de\\\/?author=1\"},\"post_link\":\"https:\\\/\\\/www.heimatverein-delligsen.de\\\/?gmedia=20211022_121248-jpg\",\"ratio\":0.75},{\"id\":\"3721\",\"type\":\"image\",\"file\":\"20211022_121312.jpg\",\"meta\":{\"width\":1024,\"height\":768,\"views\":53,\"likes\":0},\"title\":\"22.10.2021: Pflege Heidefl\\u00e4che\",\"alt\":\"22.10.2021: Pflege Heidefl\\u00e4che\",\"author\":{\"name\":\"Eike Heuer\",\"posts_link\":\"https:\\\/\\\/www.heimatverein-delligsen.de\\\/?author=1\"},\"post_link\":\"https:\\\/\\\/www.heimatverein-delligsen.de\\\/?gmedia=20211022_121312-jpg\",\"ratio\":1.3333333333333332593184650249895639717578887939453125}],\"terms\":[]};\n\t\t\t\t\tvar container = $( '#GmediaGallery_197' );\n\t\t\t\t\tcontainer.photomania( settings, content );\n\t\t\t\t\twindow.GmediaGallery_197 = container.data( 'photomania' );\n\t\t\t\t} );\n\t\t\t} );\n\t<\/script><\/div>\n<div data-animation=\"no-animation\" data-icons-animation=\"wobble\" data-overlay=\"\" data-change-size=\"\" data-button-size=\"1\" style=\"font-size:1em!important;display:none;\" class=\"supsystic-social-sharing supsystic-social-sharing-package-flat supsystic-social-sharing-hide-on-homepage supsystic-social-sharing-hide-on-mobile supsystic-social-sharing-spacing supsystic-social-sharing-content supsystic-social-sharing-content-align-right\" data-text=\"\"><a data-networks=\"[]\" class=\"social-sharing-button sharer-flat sharer-flat-4 counter-standard without-counter facebook\" target=\"_blank\" title=\"Facebook\" href=\"http:\/\/www.facebook.com\/sharer.php?u=https%3A%2F%2Fwww.heimatverein-delligsen.de%2F%3Fp%3D8592\" data-main-href=\"http:\/\/www.facebook.com\/sharer.php?u={url}\" data-nid=\"1\" data-name=\"\" data-pid=\"1\" data-post-id=\"8592\" data-url=\"https:\/\/www.heimatverein-delligsen.de\/hvd20\/wp-admin\/admin-ajax.php\" rel=\"nofollow\" data-mailto=\"\"><i class=\"fa-ssbs fa-ssbs-fw fa-ssbs-facebook\"><\/i><div class=\"counter-wrap standard\"><span class=\"counter\">0<\/span><\/div><\/a><a data-networks=\"[]\" class=\"social-sharing-button sharer-flat sharer-flat-4 counter-standard without-counter twitter\" target=\"_blank\" title=\"Twitter\" href=\"https:\/\/twitter.com\/share?url=https%3A%2F%2Fwww.heimatverein-delligsen.de%2F%3Fp%3D8592&text=Pflege+der+Heidefl%C3%A4che+rund+um+das+Barbarakreuz\" data-main-href=\"https:\/\/twitter.com\/share?url={url}&text={title}\" data-nid=\"2\" data-name=\"\" data-pid=\"1\" data-post-id=\"8592\" data-url=\"https:\/\/www.heimatverein-delligsen.de\/hvd20\/wp-admin\/admin-ajax.php\" rel=\"nofollow\" data-mailto=\"\"><i class=\"fa-ssbs fa-ssbs-fw fa-ssbs-twitter\"><\/i><div class=\"counter-wrap standard\"><span class=\"counter\">0<\/span><\/div><\/a><a data-networks=\"[]\" class=\"social-sharing-button sharer-flat sharer-flat-4 counter-standard without-counter googleplus\" target=\"_blank\" title=\"Google+\" href=\"https:\/\/plus.google.com\/share?url=https%3A%2F%2Fwww.heimatverein-delligsen.de%2F%3Fp%3D8592\" data-main-href=\"https:\/\/plus.google.com\/share?url={url}\" data-nid=\"3\" data-name=\"\" data-pid=\"1\" data-post-id=\"8592\" data-url=\"https:\/\/www.heimatverein-delligsen.de\/hvd20\/wp-admin\/admin-ajax.php\" rel=\"nofollow\" data-mailto=\"\"><i class=\"fa-ssbs fa-ssbs-fw fa-ssbs-google-plus\"><\/i><div class=\"counter-wrap standard\"><span class=\"counter\">0<\/span><\/div><\/a><a data-networks=\"[]\" class=\"social-sharing-button sharer-flat sharer-flat-4 counter-standard without-counter mail\" target=\"_blank\" title=\"Mail\" href=\"#\" data-main-href=\"#\" data-nid=\"16\" data-name=\"\" data-pid=\"1\" data-post-id=\"8592\" data-url=\"https:\/\/www.heimatverein-delligsen.de\/hvd20\/wp-admin\/admin-ajax.php\" rel=\"nofollow\" data-mailto=\"\"><i class=\"fa-ssbs fa-ssbs-fw fa-ssbs-envelope-o\"><\/i><div class=\"counter-wrap standard\"><span class=\"counter\">0<\/span><\/div><\/a><a data-networks=\"[]\" class=\"social-sharing-button sharer-flat sharer-flat-4 counter-standard without-counter print\" target=\"_blank\" title=\"Drucken\" href=\"#\" data-main-href=\"#\" data-nid=\"14\" data-name=\"\" data-pid=\"1\" data-post-id=\"8592\" data-url=\"https:\/\/www.heimatverein-delligsen.de\/hvd20\/wp-admin\/admin-ajax.php\" rel=\"nofollow\" data-mailto=\"\"><i class=\"fa-ssbs fa-ssbs-fw fa-ssbs-print\"><\/i><div class=\"counter-wrap standard\"><span class=\"counter\">0<\/span><\/div><\/a><\/div>","protected":false},"excerpt":{"rendered":"<div data-animation=\"no-animation\" data-icons-animation=\"wobble\" data-overlay=\"\" data-change-size=\"\" data-button-size=\"1\" style=\"font-size:1em!important;display:none;\" class=\"supsystic-social-sharing supsystic-social-sharing-package-flat supsystic-social-sharing-hide-on-homepage supsystic-social-sharing-hide-on-mobile supsystic-social-sharing-spacing supsystic-social-sharing-content supsystic-social-sharing-content-align-right\" data-text=\"\"><a data-networks=\"[]\" class=\"social-sharing-button sharer-flat sharer-flat-4 counter-standard without-counter facebook\" target=\"_blank\" title=\"Facebook\" href=\"http:\/\/www.facebook.com\/sharer.php?u=https%3A%2F%2Fwww.heimatverein-delligsen.de%2F%3Fp%3D8592\" data-main-href=\"http:\/\/www.facebook.com\/sharer.php?u={url}\" data-nid=\"1\" data-name=\"\" data-pid=\"1\" data-post-id=\"8592\" data-url=\"https:\/\/www.heimatverein-delligsen.de\/hvd20\/wp-admin\/admin-ajax.php\" rel=\"nofollow\" data-mailto=\"\"><i class=\"fa-ssbs fa-ssbs-fw fa-ssbs-facebook\"><\/i><div class=\"counter-wrap standard\"><span class=\"counter\">0<\/span><\/div><\/a><a data-networks=\"[]\" class=\"social-sharing-button sharer-flat sharer-flat-4 counter-standard without-counter twitter\" target=\"_blank\" title=\"Twitter\" href=\"https:\/\/twitter.com\/share?url=https%3A%2F%2Fwww.heimatverein-delligsen.de%2F%3Fp%3D8592&text=Pflege+der+Heidefl%C3%A4che+rund+um+das+Barbarakreuz\" data-main-href=\"https:\/\/twitter.com\/share?url={url}&text={title}\" data-nid=\"2\" data-name=\"\" data-pid=\"1\" data-post-id=\"8592\" data-url=\"https:\/\/www.heimatverein-delligsen.de\/hvd20\/wp-admin\/admin-ajax.php\" rel=\"nofollow\" data-mailto=\"\"><i class=\"fa-ssbs fa-ssbs-fw fa-ssbs-twitter\"><\/i><div class=\"counter-wrap standard\"><span class=\"counter\">0<\/span><\/div><\/a><a data-networks=\"[]\" class=\"social-sharing-button sharer-flat sharer-flat-4 counter-standard without-counter googleplus\" target=\"_blank\" title=\"Google+\" href=\"https:\/\/plus.google.com\/share?url=https%3A%2F%2Fwww.heimatverein-delligsen.de%2F%3Fp%3D8592\" data-main-href=\"https:\/\/plus.google.com\/share?url={url}\" data-nid=\"3\" data-name=\"\" data-pid=\"1\" data-post-id=\"8592\" data-url=\"https:\/\/www.heimatverein-delligsen.de\/hvd20\/wp-admin\/admin-ajax.php\" rel=\"nofollow\" data-mailto=\"\"><i class=\"fa-ssbs fa-ssbs-fw fa-ssbs-google-plus\"><\/i><div class=\"counter-wrap standard\"><span class=\"counter\">0<\/span><\/div><\/a><a data-networks=\"[]\" class=\"social-sharing-button sharer-flat sharer-flat-4 counter-standard without-counter mail\" target=\"_blank\" title=\"Mail\" href=\"#\" data-main-href=\"#\" data-nid=\"16\" data-name=\"\" data-pid=\"1\" data-post-id=\"8592\" data-url=\"https:\/\/www.heimatverein-delligsen.de\/hvd20\/wp-admin\/admin-ajax.php\" rel=\"nofollow\" data-mailto=\"\"><i class=\"fa-ssbs fa-ssbs-fw fa-ssbs-envelope-o\"><\/i><div class=\"counter-wrap standard\"><span class=\"counter\">0<\/span><\/div><\/a><a data-networks=\"[]\" class=\"social-sharing-button sharer-flat sharer-flat-4 counter-standard without-counter print\" target=\"_blank\" title=\"Drucken\" href=\"#\" data-main-href=\"#\" data-nid=\"14\" data-name=\"\" data-pid=\"1\" data-post-id=\"8592\" data-url=\"https:\/\/www.heimatverein-delligsen.de\/hvd20\/wp-admin\/admin-ajax.php\" rel=\"nofollow\" data-mailto=\"\"><i class=\"fa-ssbs fa-ssbs-fw fa-ssbs-print\"><\/i><div class=\"counter-wrap standard\"><span class=\"counter\">0<\/span><\/div><\/a><\/div><div data-animation=\"no-animation\" data-icons-animation=\"no-animation\" data-overlay=\"\" data-change-size=\"\" data-button-size=\"0.7\" style=\"font-size:0.7em!important;display:none;\" class=\"supsystic-social-sharing supsystic-social-sharing-package-flat supsystic-social-sharing-hide-on-homepage supsystic-social-sharing-show-only-on-mobile supsystic-social-sharing-spacing supsystic-social-sharing-content supsystic-social-sharing-content-align-center\" data-text=\"\"><a data-networks=\"[]\" class=\"social-sharing-button sharer-flat sharer-flat-4 counter-standard without-counter facebook\" target=\"_blank\" title=\"Facebook\" href=\"http:\/\/www.facebook.com\/sharer.php?u=https%3A%2F%2Fwww.heimatverein-delligsen.de%2F%3Fp%3D8592\" data-main-href=\"http:\/\/www.facebook.com\/sharer.php?u={url}\" data-nid=\"1\" data-name=\"\" data-pid=\"2\" data-post-id=\"8592\" data-url=\"https:\/\/www.heimatverein-delligsen.de\/hvd20\/wp-admin\/admin-ajax.php\" rel=\"nofollow\" data-mailto=\"\"><i class=\"fa-ssbs fa-ssbs-fw fa-ssbs-facebook\"><\/i><div class=\"counter-wrap standard\"><span class=\"counter\">0<\/span><\/div><\/a><a data-networks=\"[]\" class=\"social-sharing-button sharer-flat sharer-flat-4 counter-standard without-counter whatsapp\" target=\"_blank\" title=\"WhatsApp\" href=\"https:\/\/web.whatsapp.com\/send?text=https%3A%2F%2Fwww.heimatverein-delligsen.de%2F%3Fp%3D8592\" data-main-href=\"https:\/\/web.whatsapp.com\/send?text={url}\" data-nid=\"18\" data-name=\"\" data-pid=\"2\" data-post-id=\"8592\" data-url=\"https:\/\/www.heimatverein-delligsen.de\/hvd20\/wp-admin\/admin-ajax.php\" rel=\"nofollow\" data-mailto=\"\"><i class=\"fa-ssbs fa-ssbs-fw fa-ssbs-whatsapp\"><\/i><div class=\"counter-wrap standard\"><span class=\"counter\">0<\/span><\/div><\/a><a data-networks=\"[]\" class=\"social-sharing-button sharer-flat sharer-flat-4 counter-standard without-counter twitter\" target=\"_blank\" title=\"Twitter\" href=\"https:\/\/twitter.com\/share?url=https%3A%2F%2Fwww.heimatverein-delligsen.de%2F%3Fp%3D8592&text=Pflege+der+Heidefl%C3%A4che+rund+um+das+Barbarakreuz\" data-main-href=\"https:\/\/twitter.com\/share?url={url}&text={title}\" data-nid=\"2\" data-name=\"\" data-pid=\"2\" data-post-id=\"8592\" data-url=\"https:\/\/www.heimatverein-delligsen.de\/hvd20\/wp-admin\/admin-ajax.php\" rel=\"nofollow\" data-mailto=\"\"><i class=\"fa-ssbs fa-ssbs-fw fa-ssbs-twitter\"><\/i><div class=\"counter-wrap standard\"><span class=\"counter\">0<\/span><\/div><\/a><a data-networks=\"[]\" class=\"social-sharing-button sharer-flat sharer-flat-4 counter-standard without-counter googleplus\" target=\"_blank\" title=\"Google+\" href=\"https:\/\/plus.google.com\/share?url=https%3A%2F%2Fwww.heimatverein-delligsen.de%2F%3Fp%3D8592\" data-main-href=\"https:\/\/plus.google.com\/share?url={url}\" data-nid=\"3\" data-name=\"\" data-pid=\"2\" data-post-id=\"8592\" data-url=\"https:\/\/www.heimatverein-delligsen.de\/hvd20\/wp-admin\/admin-ajax.php\" rel=\"nofollow\" data-mailto=\"\"><i class=\"fa-ssbs fa-ssbs-fw fa-ssbs-google-plus\"><\/i><div class=\"counter-wrap standard\"><span class=\"counter\">0<\/span><\/div><\/a><a data-networks=\"[]\" class=\"social-sharing-button sharer-flat sharer-flat-4 counter-standard without-counter mail\" target=\"_blank\" title=\"Mail\" href=\"#\" data-main-href=\"#\" data-nid=\"16\" data-name=\"\" data-pid=\"2\" data-post-id=\"8592\" data-url=\"https:\/\/www.heimatverein-delligsen.de\/hvd20\/wp-admin\/admin-ajax.php\" rel=\"nofollow\" data-mailto=\"\"><i class=\"fa-ssbs fa-ssbs-fw fa-ssbs-envelope-o\"><\/i><div class=\"counter-wrap standard\"><span class=\"counter\">0<\/span><\/div><\/a><\/div><p>Am Freitag , den 22. Oktober 2021 trafen sich Jugendliche und Kinder der Theatergruppe des Heimatvereins Delligsen an der D\u00f6rpm\u00fchle.<\/p>\n<div data-animation=\"no-animation\" data-icons-animation=\"wobble\" data-overlay=\"\" data-change-size=\"\" data-button-size=\"1\" style=\"font-size:1em!important;display:none;\" class=\"supsystic-social-sharing supsystic-social-sharing-package-flat supsystic-social-sharing-hide-on-homepage supsystic-social-sharing-hide-on-mobile supsystic-social-sharing-spacing supsystic-social-sharing-content supsystic-social-sharing-content-align-right\" data-text=\"\"><a data-networks=\"[]\" class=\"social-sharing-button sharer-flat sharer-flat-4 counter-standard without-counter facebook\" target=\"_blank\" title=\"Facebook\" href=\"http:\/\/www.facebook.com\/sharer.php?u=https%3A%2F%2Fwww.heimatverein-delligsen.de%2F%3Fp%3D8592\" data-main-href=\"http:\/\/www.facebook.com\/sharer.php?u={url}\" data-nid=\"1\" data-name=\"\" data-pid=\"1\" data-post-id=\"8592\" data-url=\"https:\/\/www.heimatverein-delligsen.de\/hvd20\/wp-admin\/admin-ajax.php\" rel=\"nofollow\" data-mailto=\"\"><i class=\"fa-ssbs fa-ssbs-fw fa-ssbs-facebook\"><\/i><div class=\"counter-wrap standard\"><span class=\"counter\">0<\/span><\/div><\/a><a data-networks=\"[]\" class=\"social-sharing-button sharer-flat sharer-flat-4 counter-standard without-counter twitter\" target=\"_blank\" title=\"Twitter\" href=\"https:\/\/twitter.com\/share?url=https%3A%2F%2Fwww.heimatverein-delligsen.de%2F%3Fp%3D8592&text=Pflege+der+Heidefl%C3%A4che+rund+um+das+Barbarakreuz\" data-main-href=\"https:\/\/twitter.com\/share?url={url}&text={title}\" data-nid=\"2\" data-name=\"\" data-pid=\"1\" data-post-id=\"8592\" data-url=\"https:\/\/www.heimatverein-delligsen.de\/hvd20\/wp-admin\/admin-ajax.php\" rel=\"nofollow\" data-mailto=\"\"><i class=\"fa-ssbs fa-ssbs-fw fa-ssbs-twitter\"><\/i><div class=\"counter-wrap standard\"><span class=\"counter\">0<\/span><\/div><\/a><a data-networks=\"[]\" class=\"social-sharing-button sharer-flat sharer-flat-4 counter-standard without-counter googleplus\" target=\"_blank\" title=\"Google+\" href=\"https:\/\/plus.google.com\/share?url=https%3A%2F%2Fwww.heimatverein-delligsen.de%2F%3Fp%3D8592\" data-main-href=\"https:\/\/plus.google.com\/share?url={url}\" data-nid=\"3\" data-name=\"\" data-pid=\"1\" data-post-id=\"8592\" data-url=\"https:\/\/www.heimatverein-delligsen.de\/hvd20\/wp-admin\/admin-ajax.php\" rel=\"nofollow\" data-mailto=\"\"><i class=\"fa-ssbs fa-ssbs-fw fa-ssbs-google-plus\"><\/i><div class=\"counter-wrap standard\"><span class=\"counter\">0<\/span><\/div><\/a><a data-networks=\"[]\" class=\"social-sharing-button sharer-flat sharer-flat-4 counter-standard without-counter mail\" target=\"_blank\" title=\"Mail\" href=\"#\" data-main-href=\"#\" data-nid=\"16\" data-name=\"\" data-pid=\"1\" data-post-id=\"8592\" data-url=\"https:\/\/www.heimatverein-delligsen.de\/hvd20\/wp-admin\/admin-ajax.php\" rel=\"nofollow\" data-mailto=\"\"><i class=\"fa-ssbs fa-ssbs-fw fa-ssbs-envelope-o\"><\/i><div class=\"counter-wrap standard\"><span class=\"counter\">0<\/span><\/div><\/a><a data-networks=\"[]\" class=\"social-sharing-button sharer-flat sharer-flat-4 counter-standard without-counter print\" target=\"_blank\" title=\"Drucken\" href=\"#\" data-main-href=\"#\" data-nid=\"14\" data-name=\"\" data-pid=\"1\" data-post-id=\"8592\" data-url=\"https:\/\/www.heimatverein-delligsen.de\/hvd20\/wp-admin\/admin-ajax.php\" rel=\"nofollow\" data-mailto=\"\"><i class=\"fa-ssbs fa-ssbs-fw fa-ssbs-print\"><\/i><div class=\"counter-wrap standard\"><span class=\"counter\">0<\/span><\/div><\/a><\/div>","protected":false},"author":1,"featured_media":8595,"comment_status":"closed","ping_status":"open","sticky":false,"template":"","format":"standard","meta":{"footnotes":""},"categories":[1],"tags":[],"class_list":["post-8592","post","type-post","status-publish","format-standard","has-post-thumbnail","hentry","category-allgemein"],"_links":{"self":[{"href":"https:\/\/www.heimatverein-delligsen.de\/index.php?rest_route=\/wp\/v2\/posts\/8592","targetHints":{"allow":["GET"]}}],"collection":[{"href":"https:\/\/www.heimatverein-delligsen.de\/index.php?rest_route=\/wp\/v2\/posts"}],"about":[{"href":"https:\/\/www.heimatverein-delligsen.de\/index.php?rest_route=\/wp\/v2\/types\/post"}],"author":[{"embeddable":true,"href":"https:\/\/www.heimatverein-delligsen.de\/index.php?rest_route=\/wp\/v2\/users\/1"}],"replies":[{"embeddable":true,"href":"https:\/\/www.heimatverein-delligsen.de\/index.php?rest_route=%2Fwp%2Fv2%2Fcomments&post=8592"}],"version-history":[{"count":5,"href":"https:\/\/www.heimatverein-delligsen.de\/index.php?rest_route=\/wp\/v2\/posts\/8592\/revisions"}],"predecessor-version":[{"id":8619,"href":"https:\/\/www.heimatverein-delligsen.de\/index.php?rest_route=\/wp\/v2\/posts\/8592\/revisions\/8619"}],"wp:featuredmedia":[{"embeddable":true,"href":"https:\/\/www.heimatverein-delligsen.de\/index.php?rest_route=\/wp\/v2\/media\/8595"}],"wp:attachment":[{"href":"https:\/\/www.heimatverein-delligsen.de\/index.php?rest_route=%2Fwp%2Fv2%2Fmedia&parent=8592"}],"wp:term":[{"taxonomy":"category","embeddable":true,"href":"https:\/\/www.heimatverein-delligsen.de\/index.php?rest_route=%2Fwp%2Fv2%2Fcategories&post=8592"},{"taxonomy":"post_tag","embeddable":true,"href":"https:\/\/www.heimatverein-delligsen.de\/index.php?rest_route=%2Fwp%2Fv2%2Ftags&post=8592"}],"curies":[{"name":"wp","href":"https:\/\/api.w.org\/{rel}","templated":true}]}}