{"id":8904,"date":"2022-10-20T10:57:49","date_gmt":"2022-10-20T09:57:49","guid":{"rendered":"https:\/\/www.heimatverein-delligsen.de\/?p=8904"},"modified":"2022-10-20T11:01:38","modified_gmt":"2022-10-20T10:01:38","slug":"ferienpass-aktion-mit-dem-foerster-durch-den-herbstwald","status":"publish","type":"post","link":"https:\/\/www.heimatverein-delligsen.de\/?p=8904","title":{"rendered":"Ferienpass-Aktion &#8211; Mit dem F\u00f6rster durch den Herbstwald"},"content":{"rendered":"<div data-animation=\"no-animation\" data-icons-animation=\"wobble\" data-overlay=\"\" data-change-size=\"\" data-button-size=\"1\" style=\"font-size:1em!important;display:none;\" class=\"supsystic-social-sharing supsystic-social-sharing-package-flat supsystic-social-sharing-hide-on-homepage supsystic-social-sharing-hide-on-mobile supsystic-social-sharing-spacing supsystic-social-sharing-content supsystic-social-sharing-content-align-right\" data-text=\"\"><a data-networks=\"[]\" class=\"social-sharing-button sharer-flat sharer-flat-4 counter-standard without-counter facebook\" target=\"_blank\" title=\"Facebook\" href=\"http:\/\/www.facebook.com\/sharer.php?u=https%3A%2F%2Fwww.heimatverein-delligsen.de%2F%3Fp%3D8904\" data-main-href=\"http:\/\/www.facebook.com\/sharer.php?u={url}\" data-nid=\"1\" data-name=\"\" data-pid=\"1\" data-post-id=\"8904\" data-url=\"https:\/\/www.heimatverein-delligsen.de\/hvd20\/wp-admin\/admin-ajax.php\" rel=\"nofollow\" data-mailto=\"\"><i class=\"fa-ssbs fa-ssbs-fw fa-ssbs-facebook\"><\/i><div class=\"counter-wrap standard\"><span class=\"counter\">0<\/span><\/div><\/a><a data-networks=\"[]\" class=\"social-sharing-button sharer-flat sharer-flat-4 counter-standard without-counter twitter\" target=\"_blank\" title=\"Twitter\" href=\"https:\/\/twitter.com\/share?url=https%3A%2F%2Fwww.heimatverein-delligsen.de%2F%3Fp%3D8904&text=Ferienpass-Aktion+%26%238211%3B+Mit+dem+F%C3%B6rster+durch+den+Herbstwald\" data-main-href=\"https:\/\/twitter.com\/share?url={url}&text={title}\" data-nid=\"2\" data-name=\"\" data-pid=\"1\" data-post-id=\"8904\" data-url=\"https:\/\/www.heimatverein-delligsen.de\/hvd20\/wp-admin\/admin-ajax.php\" rel=\"nofollow\" data-mailto=\"\"><i class=\"fa-ssbs fa-ssbs-fw fa-ssbs-twitter\"><\/i><div class=\"counter-wrap standard\"><span class=\"counter\">0<\/span><\/div><\/a><a data-networks=\"[]\" class=\"social-sharing-button sharer-flat sharer-flat-4 counter-standard without-counter googleplus\" target=\"_blank\" title=\"Google+\" href=\"https:\/\/plus.google.com\/share?url=https%3A%2F%2Fwww.heimatverein-delligsen.de%2F%3Fp%3D8904\" data-main-href=\"https:\/\/plus.google.com\/share?url={url}\" data-nid=\"3\" data-name=\"\" data-pid=\"1\" data-post-id=\"8904\" data-url=\"https:\/\/www.heimatverein-delligsen.de\/hvd20\/wp-admin\/admin-ajax.php\" rel=\"nofollow\" data-mailto=\"\"><i class=\"fa-ssbs fa-ssbs-fw fa-ssbs-google-plus\"><\/i><div class=\"counter-wrap standard\"><span class=\"counter\">0<\/span><\/div><\/a><a data-networks=\"[]\" class=\"social-sharing-button sharer-flat sharer-flat-4 counter-standard without-counter mail\" target=\"_blank\" title=\"Mail\" href=\"#\" data-main-href=\"#\" data-nid=\"16\" data-name=\"\" data-pid=\"1\" data-post-id=\"8904\" data-url=\"https:\/\/www.heimatverein-delligsen.de\/hvd20\/wp-admin\/admin-ajax.php\" rel=\"nofollow\" data-mailto=\"\"><i class=\"fa-ssbs fa-ssbs-fw fa-ssbs-envelope-o\"><\/i><div class=\"counter-wrap standard\"><span class=\"counter\">0<\/span><\/div><\/a><a data-networks=\"[]\" class=\"social-sharing-button sharer-flat sharer-flat-4 counter-standard without-counter print\" target=\"_blank\" title=\"Drucken\" href=\"#\" data-main-href=\"#\" data-nid=\"14\" data-name=\"\" data-pid=\"1\" data-post-id=\"8904\" data-url=\"https:\/\/www.heimatverein-delligsen.de\/hvd20\/wp-admin\/admin-ajax.php\" rel=\"nofollow\" data-mailto=\"\"><i class=\"fa-ssbs fa-ssbs-fw fa-ssbs-print\"><\/i><div class=\"counter-wrap standard\"><span class=\"counter\">0<\/span><\/div><\/a><\/div><div data-animation=\"no-animation\" data-icons-animation=\"no-animation\" data-overlay=\"\" data-change-size=\"\" data-button-size=\"0.7\" style=\"font-size:0.7em!important;display:none;\" class=\"supsystic-social-sharing supsystic-social-sharing-package-flat supsystic-social-sharing-hide-on-homepage supsystic-social-sharing-show-only-on-mobile supsystic-social-sharing-spacing supsystic-social-sharing-content supsystic-social-sharing-content-align-center\" data-text=\"\"><a data-networks=\"[]\" class=\"social-sharing-button sharer-flat sharer-flat-4 counter-standard without-counter facebook\" target=\"_blank\" title=\"Facebook\" href=\"http:\/\/www.facebook.com\/sharer.php?u=https%3A%2F%2Fwww.heimatverein-delligsen.de%2F%3Fp%3D8904\" data-main-href=\"http:\/\/www.facebook.com\/sharer.php?u={url}\" data-nid=\"1\" data-name=\"\" data-pid=\"2\" data-post-id=\"8904\" data-url=\"https:\/\/www.heimatverein-delligsen.de\/hvd20\/wp-admin\/admin-ajax.php\" rel=\"nofollow\" data-mailto=\"\"><i class=\"fa-ssbs fa-ssbs-fw fa-ssbs-facebook\"><\/i><div class=\"counter-wrap standard\"><span class=\"counter\">0<\/span><\/div><\/a><a data-networks=\"[]\" class=\"social-sharing-button sharer-flat sharer-flat-4 counter-standard without-counter whatsapp\" target=\"_blank\" title=\"WhatsApp\" href=\"https:\/\/web.whatsapp.com\/send?text=https%3A%2F%2Fwww.heimatverein-delligsen.de%2F%3Fp%3D8904\" data-main-href=\"https:\/\/web.whatsapp.com\/send?text={url}\" data-nid=\"18\" data-name=\"\" data-pid=\"2\" data-post-id=\"8904\" data-url=\"https:\/\/www.heimatverein-delligsen.de\/hvd20\/wp-admin\/admin-ajax.php\" rel=\"nofollow\" data-mailto=\"\"><i class=\"fa-ssbs fa-ssbs-fw fa-ssbs-whatsapp\"><\/i><div class=\"counter-wrap standard\"><span class=\"counter\">1<\/span><\/div><\/a><a data-networks=\"[]\" class=\"social-sharing-button sharer-flat sharer-flat-4 counter-standard without-counter twitter\" target=\"_blank\" title=\"Twitter\" href=\"https:\/\/twitter.com\/share?url=https%3A%2F%2Fwww.heimatverein-delligsen.de%2F%3Fp%3D8904&text=Ferienpass-Aktion+%26%238211%3B+Mit+dem+F%C3%B6rster+durch+den+Herbstwald\" data-main-href=\"https:\/\/twitter.com\/share?url={url}&text={title}\" data-nid=\"2\" data-name=\"\" data-pid=\"2\" data-post-id=\"8904\" data-url=\"https:\/\/www.heimatverein-delligsen.de\/hvd20\/wp-admin\/admin-ajax.php\" rel=\"nofollow\" data-mailto=\"\"><i class=\"fa-ssbs fa-ssbs-fw fa-ssbs-twitter\"><\/i><div class=\"counter-wrap standard\"><span class=\"counter\">0<\/span><\/div><\/a><a data-networks=\"[]\" class=\"social-sharing-button sharer-flat sharer-flat-4 counter-standard without-counter googleplus\" target=\"_blank\" title=\"Google+\" href=\"https:\/\/plus.google.com\/share?url=https%3A%2F%2Fwww.heimatverein-delligsen.de%2F%3Fp%3D8904\" data-main-href=\"https:\/\/plus.google.com\/share?url={url}\" data-nid=\"3\" data-name=\"\" data-pid=\"2\" data-post-id=\"8904\" data-url=\"https:\/\/www.heimatverein-delligsen.de\/hvd20\/wp-admin\/admin-ajax.php\" rel=\"nofollow\" data-mailto=\"\"><i class=\"fa-ssbs fa-ssbs-fw fa-ssbs-google-plus\"><\/i><div class=\"counter-wrap standard\"><span class=\"counter\">0<\/span><\/div><\/a><a data-networks=\"[]\" class=\"social-sharing-button sharer-flat sharer-flat-4 counter-standard without-counter mail\" target=\"_blank\" title=\"Mail\" href=\"#\" data-main-href=\"#\" data-nid=\"16\" data-name=\"\" data-pid=\"2\" data-post-id=\"8904\" data-url=\"https:\/\/www.heimatverein-delligsen.de\/hvd20\/wp-admin\/admin-ajax.php\" rel=\"nofollow\" data-mailto=\"\"><i class=\"fa-ssbs fa-ssbs-fw fa-ssbs-envelope-o\"><\/i><div class=\"counter-wrap standard\"><span class=\"counter\">0<\/span><\/div><\/a><\/div><p>Am Dienstag 18. Oktober 2022 nahmen 19 Kinder an der Ferienpass-Aktion vom Heimatverein Delligsen teil. Thomas Krengel vom Nieders\u00e4chsischen Forstamt Gr\u00fcnenplan gestaltete zusammen mit seinem Kollegen Kevin Kampert den erlebnisreichen Nachmittag im Wald.<\/p>\n<p>Treffpunkt war der Wanderparkplatz D\u00fcsterntal. Vor der Wanderung erhielt jedes Kind eine Kastanie als Handschmeichler. Revierf\u00f6rster Krengel erkl\u00e4rte den Kindern die Bedeutung der kleinen Trost Begleiter.<\/p>\n<p>W\u00e4hrend der Wanderung erfuhren die Kinder einiges \u00fcber Laub- und Nadelb\u00e4ume. An der K\u00f6hlerh\u00fctte angekommen, wurden die unterwegs gesammelten Bl\u00e4tter bestimmt.<\/p>\n<p>Krengel stellte die Frage, was denn mit den vielen bunten Bl\u00e4ttern geschieht, die den Waldboden bedecken. Die Kinder erfuhren, wie Bl\u00e4tter durch Bakterien, Pilze und vielerlei Getier wie Asseln, Springschw\u00e4nzen, K\u00e4fern, Schnecken, Spinnen oder Tausendf\u00fc\u00dflern zu Humus umgewandelt werden.<\/p>\n<p>Mit Eifer machten sich die Kinder anschlie\u00dfend daran, den Waldboden nach den kleinen Waldbewohnern abzusuchen und unter die Lupe zu nehmen.<\/p>\n<p>Abgerundet wurde die Exkursion in den Wald mit lustigen Spielen und einen kleinen Imbiss.<\/p>\n<div class=\"gmedia_gallery photomania_module is_bot\" id=\"GmediaGallery_207\" data-gmid=\"207\" data-module=\"photomania\"><style class='gmedia_module_style_import'>@import url('https:\/\/www.heimatverein-delligsen.de\/hvd20\/wp-content\/grand-media\/module\/photomania\/css\/styles.photomania.css?v=1.8') all;\/**** .photomania_module #GmediaGallery_207 ****\/\n#GmediaGallery_207 .gmpm_preload {opacity:0;}\n#GmediaGallery_207 .swiper-big-images img.gmpm_the_photo { max-height:100%; max-width:100%; display:inline; width:auto; height:auto; object-fit:unset; vertical-align:middle; border:none; }\n#GmediaGallery_207 .gmpm_focus .swiper-big-images img.gmpm_the_photo { width:auto; height:auto; object-fit:unset; }\n#GmediaGallery_207 .swiper-small-images img.gmpm_photo { max-width:none; max-height:none; }\n#GmediaGallery_207 .swiper-small-images img.gmpm_photo.gmpm_photo_landscape { width:auto; height:100%; }\n#GmediaGallery_207 .swiper-small-images img.gmpm_photo.gmpm_photo_portrait { width:100%; height:auto; }\n#GmediaGallery_207 .gmpm_gallery_sources_list p { margin:7px 0; padding:0; font-size:inherit; }\n#GmediaGallery_207 .gmpm_photo_details .gmpm_description_wrap a,\n#GmediaGallery_207 .gmpm_big_button_wrap .gmpm_button.gmpm_like.gmpm_liked,\n#GmediaGallery_207 .gmpm_big_button_wrap .gmpm_button.gmpm_like.gmpm_liked:hover {color:#096900;}\n#GmediaGallery_207 .gmpm_photo_show .gmpm_big_button {background-color:#096900;}\n#GmediaGallery_207 .swiper-small-images div.gmpm_photo.swiper-slide-active {border-color:#096900;}\n#GmediaGallery_207 .gmpm_photo_header .gmpm_name_wrap .gmpm_title_author a:hover,\n#GmediaGallery_207 .gmpm_photo_details .gmpm_description_wrap a:hover {color:#096900;}\n#GmediaGallery_207 .gmpm_photo_show .gmpm_big_button:hover,\n#GmediaGallery_207 .gmpm_focus_actions ul .gmpm_button.like.gmpm_liked {background-color:#096900;}<\/style>\n\t<div class=\"gmpm_photo_show gmpm_w960 gmpm_w640 gmpm_w480\">\n\n\t\t<div class=\"gmpm_photo_wrap has_prev_photo has_next_photo\">\n\t\t\t<div class=\"swiper-container swiper-big-images\">\n\t\t\t\t<div class=\"gmpm_photo_arrow_next gmpm_photo_arrow gmpm_next\">\n\t\t\t\t\t<div title=\"Next\" class=\"gmpm_arrow\"><\/div>\n\t\t\t\t<\/div>\n\t\t\t\t<div class=\"gmpm_photo_arrow_previous gmpm_photo_arrow gmpm_prev\">\n\t\t\t\t\t<div title=\"Previous\" class=\"gmpm_arrow\"><\/div>\n\t\t\t\t<\/div>\n\t\t\t\t<div class=\"swiper-wrapper\">\n\t\t\t\t\t\n\t\t<div class=\"swiper-slide\" data-hash=\"gmedia3847\" data-photo-id=\"3847\"><span class=\"gmpm_va\"><\/span><img decoding=\"async\" src=\"https:\/\/www.heimatverein-delligsen.de\/hvd20\/wp-content\/grand-media\/image\/Jedes_Kind_bekommt_eine_Kastanie_als_Handschmeichler.jpg\" data-src=\"https:\/\/www.heimatverein-delligsen.de\/hvd20\/wp-content\/grand-media\/image\/Jedes_Kind_bekommt_eine_Kastanie_als_Handschmeichler.jpg\" alt=\"Jedes Kind bekommt eine Kastanie als Handschmeichler\" data-protect=\"Eike Heuer\" class=\"noLazy gmpm_the_photo\"><\/div>\n\t\t<div class=\"swiper-slide\" data-hash=\"gmedia3848\" data-photo-id=\"3848\"><span class=\"gmpm_va\"><\/span><img decoding=\"async\" src=\"https:\/\/www.heimatverein-delligsen.de\/hvd20\/wp-content\/grand-media\/image\/Mit_dem_F_rster_durch_den_Wald.jpg\" data-src=\"https:\/\/www.heimatverein-delligsen.de\/hvd20\/wp-content\/grand-media\/image\/Mit_dem_F_rster_durch_den_Wald.jpg\" alt=\"Mit dem F\u00f6rster durch den Wald\" data-protect=\"Eike Heuer\" class=\"noLazy gmpm_the_photo\"><\/div>\n\t\t<div class=\"swiper-slide\" data-hash=\"gmedia3853\" data-photo-id=\"3853\"><span class=\"gmpm_va\"><\/span><img decoding=\"async\" src=\"https:\/\/www.heimatverein-delligsen.de\/hvd20\/wp-content\/grand-media\/image\/Was_kriecht_und_krabbelt_denn_da....jpg\" data-src=\"https:\/\/www.heimatverein-delligsen.de\/hvd20\/wp-content\/grand-media\/image\/Was_kriecht_und_krabbelt_denn_da....jpg\" alt=\"Was Kriecht Und Krabbelt Denn Da...\" data-protect=\"Eike Heuer\" class=\"noLazy gmpm_the_photo\"><\/div>\n\t\t<div class=\"swiper-slide\" data-hash=\"gmedia3852\" data-photo-id=\"3852\"><span class=\"gmpm_va\"><\/span><img decoding=\"async\" src=\"https:\/\/www.heimatverein-delligsen.de\/hvd20\/wp-content\/grand-media\/image\/Thomas_beantwortet_die_vielen_Fragen_der_Kinder.jpg\" data-src=\"https:\/\/www.heimatverein-delligsen.de\/hvd20\/wp-content\/grand-media\/image\/Thomas_beantwortet_die_vielen_Fragen_der_Kinder.jpg\" alt=\"Thomas beantwortet die vielen Fragen der Kinder\" data-protect=\"Eike Heuer\" class=\"noLazy gmpm_the_photo\"><\/div>\n\t\t<div class=\"swiper-slide\" data-hash=\"gmedia3851\" data-photo-id=\"3851\"><span class=\"gmpm_va\"><\/span><img decoding=\"async\" src=\"https:\/\/www.heimatverein-delligsen.de\/hvd20\/wp-content\/grand-media\/image\/Spa_beim_Raupenspiel.jpg\" data-src=\"https:\/\/www.heimatverein-delligsen.de\/hvd20\/wp-content\/grand-media\/image\/Spa_beim_Raupenspiel.jpg\" alt=\"Spa\u00df beim Raupenspiel\" data-protect=\"Eike Heuer\" class=\"noLazy gmpm_the_photo\"><\/div>\n\t\t<div class=\"swiper-slide\" data-hash=\"gmedia3850\" data-photo-id=\"3850\"><span class=\"gmpm_va\"><\/span><img decoding=\"async\" src=\"https:\/\/www.heimatverein-delligsen.de\/hvd20\/wp-content\/grand-media\/image\/Spa_bei_lustigen_Spielen.jpg\" data-src=\"https:\/\/www.heimatverein-delligsen.de\/hvd20\/wp-content\/grand-media\/image\/Spa_bei_lustigen_Spielen.jpg\" alt=\"Spa\u00df bei lustigen Spielen\" data-protect=\"Eike Heuer\" class=\"noLazy gmpm_the_photo\"><\/div>\n\t\t<div class=\"swiper-slide\" data-hash=\"gmedia3841\" data-photo-id=\"3841\"><span class=\"gmpm_va\"><\/span><img decoding=\"async\" src=\"https:\/\/www.heimatverein-delligsen.de\/hvd20\/wp-content\/grand-media\/image\/Beim_Raupenspiel.jpg\" data-src=\"https:\/\/www.heimatverein-delligsen.de\/hvd20\/wp-content\/grand-media\/image\/Beim_Raupenspiel.jpg\" alt=\"Beim Raupenspiel\" data-protect=\"Eike Heuer\" class=\"noLazy gmpm_the_photo\"><\/div>\n\t\t<div class=\"swiper-slide\" data-hash=\"gmedia3849\" data-photo-id=\"3849\"><span class=\"gmpm_va\"><\/span><img decoding=\"async\" src=\"https:\/\/www.heimatverein-delligsen.de\/hvd20\/wp-content\/grand-media\/image\/So_macht_Lernen_Freude.jpg\" data-src=\"https:\/\/www.heimatverein-delligsen.de\/hvd20\/wp-content\/grand-media\/image\/So_macht_Lernen_Freude.jpg\" alt=\"So macht Lernen Freude\" data-protect=\"Eike Heuer\" class=\"noLazy gmpm_the_photo\"><\/div>\n\t\t<div class=\"swiper-slide\" data-hash=\"gmedia3845\" data-photo-id=\"3845\"><span class=\"gmpm_va\"><\/span><img decoding=\"async\" src=\"https:\/\/www.heimatverein-delligsen.de\/hvd20\/wp-content\/grand-media\/image\/Im_Herbstwald.jpg\" data-src=\"https:\/\/www.heimatverein-delligsen.de\/hvd20\/wp-content\/grand-media\/image\/Im_Herbstwald.jpg\" alt=\"Im Herbstwald\" data-protect=\"Eike Heuer\" class=\"noLazy gmpm_the_photo\"><\/div>\n\t\t<div class=\"swiper-slide\" data-hash=\"gmedia3843\" data-photo-id=\"3843\"><span class=\"gmpm_va\"><\/span><img decoding=\"async\" src=\"https:\/\/www.heimatverein-delligsen.de\/hvd20\/wp-content\/grand-media\/image\/Die_gesammelten_Bl_tter_werden_bestimmt.jpg\" data-src=\"https:\/\/www.heimatverein-delligsen.de\/hvd20\/wp-content\/grand-media\/image\/Die_gesammelten_Bl_tter_werden_bestimmt.jpg\" alt=\"Die gesammelten Bl\u00e4tter werden bestimmt\" data-protect=\"Eike Heuer\" class=\"noLazy gmpm_the_photo\"><\/div>\n\t\t<div class=\"swiper-slide\" data-hash=\"gmedia3842\" data-photo-id=\"3842\"><span class=\"gmpm_va\"><\/span><img decoding=\"async\" src=\"https:\/\/www.heimatverein-delligsen.de\/hvd20\/wp-content\/grand-media\/image\/Der_Waldboden_wird_nach_kleinen_Waldtierchen_abgesucht.jpg\" data-src=\"https:\/\/www.heimatverein-delligsen.de\/hvd20\/wp-content\/grand-media\/image\/Der_Waldboden_wird_nach_kleinen_Waldtierchen_abgesucht.jpg\" alt=\"Der Waldboden wird nach kleinen Waldtierchen abgesucht\" data-protect=\"Eike Heuer\" class=\"noLazy gmpm_the_photo\"><\/div>\n\t\t<div class=\"swiper-slide\" data-hash=\"gmedia3844\" data-photo-id=\"3844\"><span class=\"gmpm_va\"><\/span><img decoding=\"async\" src=\"https:\/\/www.heimatverein-delligsen.de\/hvd20\/wp-content\/grand-media\/image\/Die_kleinen_Tierchen_werden_bestimmt.jpg\" data-src=\"https:\/\/www.heimatverein-delligsen.de\/hvd20\/wp-content\/grand-media\/image\/Die_kleinen_Tierchen_werden_bestimmt.jpg\" alt=\"Die kleinen Tierchen werden bestimmt\" data-protect=\"Eike Heuer\" class=\"noLazy gmpm_the_photo\"><\/div>\n\t\t<div class=\"swiper-slide\" data-hash=\"gmedia3846\" data-photo-id=\"3846\"><span class=\"gmpm_va\"><\/span><img decoding=\"async\" src=\"https:\/\/www.heimatverein-delligsen.de\/hvd20\/wp-content\/grand-media\/image\/Imbiss_an_der_K_hlerh_tte.jpg\" data-src=\"https:\/\/www.heimatverein-delligsen.de\/hvd20\/wp-content\/grand-media\/image\/Imbiss_an_der_K_hlerh_tte.jpg\" alt=\"Imbiss an der K\u00f6hlerh\u00fctte\" data-protect=\"Eike Heuer\" class=\"noLazy gmpm_the_photo\"><\/div>\t\t\t\t<\/div>\n\t\t\t<\/div>\n\t\t<\/div>\n\n\t\t<div class=\"gmpm_photo_header\">\n\t\t\t<div class=\"gmpm_wrapper gmpm_clearfix\">\n\t\t\t\t<div class=\"gmpm_focus_actions\">\n\t\t\t\t\t\t\t\t\t\t\t\t\t\t\t<ul class=\"gmpm_focus_arrows gmpm_clearfix\">\n\t\t\t\t\t\t<li style=\"list-style:none;\"><a class=\"gmpm_button gmpm_photo_arrow_previous gmpm_prev\">Previous<\/a><\/li>\n\t\t\t\t\t\t<li style=\"list-style:none;\"><a class=\"gmpm_button gmpm_photo_arrow_next gmpm_next\">Next<\/a><\/li>\n\t\t\t\t\t<\/ul>\n\t\t\t\t<\/div>\n\t\t\t\t<div class=\"gmpm_name_wrap gmpm_clearfix gmpm_no_avatar\">\n\t\t\t\t\t\t\t\t\t\t<div class=\"gmpm_title_author\">\n\t\t\t\t\t\t<div class=\"gmpm_title\">Jedes Kind bekommt eine Kastanie als Handschmeichler<\/div>\n\t\t\t\t\t\t\t\t\t\t\t<\/div>\n\t\t\t\t<\/div>\n\t\t\t\t<div class=\"gmpm_actions gmpm_clearfix\">\n\t\t\t\t\t<div class=\"gmpm_carousel gmpm_has_previous gmpm_has_next\">\n\t\t\t\t\t\t<div class=\"gmpm_previous_button\"><\/div>\n\t\t\t\t\t\t<div class=\"gmpm_photo_carousel\">\n\t\t\t\t\t\t\t<div class=\"swiper-container swiper-small-images\">\n\t\t\t\t\t\t\t\t<div class=\"swiper-wrapper\">\n\t\t\t\t\t\t\t\t\t\n\t\t<div class=\"swiper-slide gmpm_photo\" data-photo-id=\"3847\"><img decoding=\"async\" src=\"https:\/\/www.heimatverein-delligsen.de\/hvd20\/wp-content\/grand-media\/image\/thumb\/Jedes_Kind_bekommt_eine_Kastanie_als_Handschmeichler.jpg\" data-src=\"https:\/\/www.heimatverein-delligsen.de\/hvd20\/wp-content\/grand-media\/image\/thumb\/Jedes_Kind_bekommt_eine_Kastanie_als_Handschmeichler.jpg\" alt=\"Jedes Kind bekommt eine Kastanie als Handschmeichler\" class=\"noLazy gmpm_photo swiper-lazy gmpm_photo_landscape\"><span class=\"swiper-lazy-preloader swiper-lazy-preloader-black\"><\/span><\/div>\n\t\t<div class=\"swiper-slide gmpm_photo\" data-photo-id=\"3848\"><img decoding=\"async\" src=\"https:\/\/www.heimatverein-delligsen.de\/hvd20\/wp-content\/grand-media\/image\/thumb\/Mit_dem_F_rster_durch_den_Wald.jpg\" data-src=\"https:\/\/www.heimatverein-delligsen.de\/hvd20\/wp-content\/grand-media\/image\/thumb\/Mit_dem_F_rster_durch_den_Wald.jpg\" alt=\"Mit dem F\u00f6rster durch den Wald\" class=\"noLazy gmpm_photo swiper-lazy gmpm_photo_landscape\"><span class=\"swiper-lazy-preloader swiper-lazy-preloader-black\"><\/span><\/div>\n\t\t<div class=\"swiper-slide gmpm_photo\" data-photo-id=\"3853\"><img decoding=\"async\" src=\"https:\/\/www.heimatverein-delligsen.de\/hvd20\/wp-content\/grand-media\/image\/thumb\/Was_kriecht_und_krabbelt_denn_da....jpg\" data-src=\"https:\/\/www.heimatverein-delligsen.de\/hvd20\/wp-content\/grand-media\/image\/thumb\/Was_kriecht_und_krabbelt_denn_da....jpg\" alt=\"Was Kriecht Und Krabbelt Denn Da...\" class=\"noLazy gmpm_photo swiper-lazy gmpm_photo_landscape\"><span class=\"swiper-lazy-preloader swiper-lazy-preloader-black\"><\/span><\/div>\n\t\t<div class=\"swiper-slide gmpm_photo\" data-photo-id=\"3852\"><img decoding=\"async\" src=\"https:\/\/www.heimatverein-delligsen.de\/hvd20\/wp-content\/grand-media\/image\/thumb\/Thomas_beantwortet_die_vielen_Fragen_der_Kinder.jpg\" data-src=\"https:\/\/www.heimatverein-delligsen.de\/hvd20\/wp-content\/grand-media\/image\/thumb\/Thomas_beantwortet_die_vielen_Fragen_der_Kinder.jpg\" alt=\"Thomas beantwortet die vielen Fragen der Kinder\" class=\"noLazy gmpm_photo swiper-lazy gmpm_photo_landscape\"><span class=\"swiper-lazy-preloader swiper-lazy-preloader-black\"><\/span><\/div>\n\t\t<div class=\"swiper-slide gmpm_photo\" data-photo-id=\"3851\"><img decoding=\"async\" src=\"https:\/\/www.heimatverein-delligsen.de\/hvd20\/wp-content\/grand-media\/image\/thumb\/Spa_beim_Raupenspiel.jpg\" data-src=\"https:\/\/www.heimatverein-delligsen.de\/hvd20\/wp-content\/grand-media\/image\/thumb\/Spa_beim_Raupenspiel.jpg\" alt=\"Spa\u00df beim Raupenspiel\" class=\"noLazy gmpm_photo swiper-lazy gmpm_photo_landscape\"><span class=\"swiper-lazy-preloader swiper-lazy-preloader-black\"><\/span><\/div>\n\t\t<div class=\"swiper-slide gmpm_photo\" data-photo-id=\"3850\"><img decoding=\"async\" src=\"https:\/\/www.heimatverein-delligsen.de\/hvd20\/wp-content\/grand-media\/image\/thumb\/Spa_bei_lustigen_Spielen.jpg\" data-src=\"https:\/\/www.heimatverein-delligsen.de\/hvd20\/wp-content\/grand-media\/image\/thumb\/Spa_bei_lustigen_Spielen.jpg\" alt=\"Spa\u00df bei lustigen Spielen\" class=\"noLazy gmpm_photo swiper-lazy gmpm_photo_landscape\"><span class=\"swiper-lazy-preloader swiper-lazy-preloader-black\"><\/span><\/div>\n\t\t<div class=\"swiper-slide gmpm_photo\" data-photo-id=\"3841\"><img decoding=\"async\" src=\"https:\/\/www.heimatverein-delligsen.de\/hvd20\/wp-content\/grand-media\/image\/thumb\/Beim_Raupenspiel.jpg\" data-src=\"https:\/\/www.heimatverein-delligsen.de\/hvd20\/wp-content\/grand-media\/image\/thumb\/Beim_Raupenspiel.jpg\" alt=\"Beim Raupenspiel\" class=\"noLazy gmpm_photo swiper-lazy gmpm_photo_portrait\"><span class=\"swiper-lazy-preloader swiper-lazy-preloader-black\"><\/span><\/div>\n\t\t<div class=\"swiper-slide gmpm_photo\" data-photo-id=\"3849\"><img decoding=\"async\" src=\"https:\/\/www.heimatverein-delligsen.de\/hvd20\/wp-content\/grand-media\/image\/thumb\/So_macht_Lernen_Freude.jpg\" data-src=\"https:\/\/www.heimatverein-delligsen.de\/hvd20\/wp-content\/grand-media\/image\/thumb\/So_macht_Lernen_Freude.jpg\" alt=\"So macht Lernen Freude\" class=\"noLazy gmpm_photo swiper-lazy gmpm_photo_landscape\"><span class=\"swiper-lazy-preloader swiper-lazy-preloader-black\"><\/span><\/div>\n\t\t<div class=\"swiper-slide gmpm_photo\" data-photo-id=\"3845\"><img decoding=\"async\" src=\"https:\/\/www.heimatverein-delligsen.de\/hvd20\/wp-content\/grand-media\/image\/thumb\/Im_Herbstwald.jpg\" data-src=\"https:\/\/www.heimatverein-delligsen.de\/hvd20\/wp-content\/grand-media\/image\/thumb\/Im_Herbstwald.jpg\" alt=\"Im Herbstwald\" class=\"noLazy gmpm_photo swiper-lazy gmpm_photo_landscape\"><span class=\"swiper-lazy-preloader swiper-lazy-preloader-black\"><\/span><\/div>\n\t\t<div class=\"swiper-slide gmpm_photo\" data-photo-id=\"3843\"><img decoding=\"async\" src=\"https:\/\/www.heimatverein-delligsen.de\/hvd20\/wp-content\/grand-media\/image\/thumb\/Die_gesammelten_Bl_tter_werden_bestimmt.jpg\" data-src=\"https:\/\/www.heimatverein-delligsen.de\/hvd20\/wp-content\/grand-media\/image\/thumb\/Die_gesammelten_Bl_tter_werden_bestimmt.jpg\" alt=\"Die gesammelten Bl\u00e4tter werden bestimmt\" class=\"noLazy gmpm_photo swiper-lazy gmpm_photo_landscape\"><span class=\"swiper-lazy-preloader swiper-lazy-preloader-black\"><\/span><\/div>\n\t\t<div class=\"swiper-slide gmpm_photo\" data-photo-id=\"3842\"><img decoding=\"async\" src=\"https:\/\/www.heimatverein-delligsen.de\/hvd20\/wp-content\/grand-media\/image\/thumb\/Der_Waldboden_wird_nach_kleinen_Waldtierchen_abgesucht.jpg\" data-src=\"https:\/\/www.heimatverein-delligsen.de\/hvd20\/wp-content\/grand-media\/image\/thumb\/Der_Waldboden_wird_nach_kleinen_Waldtierchen_abgesucht.jpg\" alt=\"Der Waldboden wird nach kleinen Waldtierchen abgesucht\" class=\"noLazy gmpm_photo swiper-lazy gmpm_photo_landscape\"><span class=\"swiper-lazy-preloader swiper-lazy-preloader-black\"><\/span><\/div>\n\t\t<div class=\"swiper-slide gmpm_photo\" data-photo-id=\"3844\"><img decoding=\"async\" src=\"https:\/\/www.heimatverein-delligsen.de\/hvd20\/wp-content\/grand-media\/image\/thumb\/Die_kleinen_Tierchen_werden_bestimmt.jpg\" data-src=\"https:\/\/www.heimatverein-delligsen.de\/hvd20\/wp-content\/grand-media\/image\/thumb\/Die_kleinen_Tierchen_werden_bestimmt.jpg\" alt=\"Die kleinen Tierchen werden bestimmt\" class=\"noLazy gmpm_photo swiper-lazy gmpm_photo_landscape\"><span class=\"swiper-lazy-preloader swiper-lazy-preloader-black\"><\/span><\/div>\n\t\t<div class=\"swiper-slide gmpm_photo\" data-photo-id=\"3846\"><img decoding=\"async\" src=\"https:\/\/www.heimatverein-delligsen.de\/hvd20\/wp-content\/grand-media\/image\/thumb\/Imbiss_an_der_K_hlerh_tte.jpg\" data-src=\"https:\/\/www.heimatverein-delligsen.de\/hvd20\/wp-content\/grand-media\/image\/thumb\/Imbiss_an_der_K_hlerh_tte.jpg\" alt=\"Imbiss an der K\u00f6hlerh\u00fctte\" class=\"noLazy gmpm_photo swiper-lazy gmpm_photo_landscape\"><span class=\"swiper-lazy-preloader swiper-lazy-preloader-black\"><\/span><\/div>\t\t\t\t\t\t\t\t<\/div>\n\t\t\t\t\t\t\t<\/div>\n\t\t\t\t\t\t<\/div>\n\t\t\t\t\t\t<div class=\"gmpm_next_button\"><\/div>\n\t\t\t\t\t<\/div>\n\t\t\t\t\t\t\t\t\t\t\t\t\t\t\t\t\t\t\t\t\t\t\t\t<\/div>\n\t\t\t<\/div>\n\t\t<\/div>\n\t\t<div class=\"gmpm_focus_close_full\">\n\t\t\t<span><a class=\"gmpm_button gmpm_close\">Close<\/a><\/span>\n\t\t\t<span><a class=\"gmpm_button gmpm_full\">Full<\/a><\/span>\n\t\t<\/div>\n\t\t<div class=\"gmpm_photo_details\">\n\t\t\t<div class=\"gmpm_description_wrap empty-item-description\">\n\t\t\t\t\t\t\t<\/div>\n\t\t<\/div>\n\n\t\t<div class=\"gmpm_focus_footer\">\n\t\t\t<div class=\"gmpm_focus_keyboard\">\n\t\t\t\t<div class=\"gmpm_focus_keyboard_title\">Keyboard Shortcuts <a class=\"gmpm_focus_keyboard_dismiss\">Dismiss<\/a><\/div>\n\t\t\t\t<ul>\n\t\t\t\t\t<li style=\"list-style:none;\"><a data-key=\"p\" class=\"gmpm_key\">S<\/a><span class=\"gmpm_label\">Slideshow<\/span><\/li>\n\t\t\t\t\t<li style=\"list-style:none;\"><a data-key=\"m\" class=\"gmpm_key\">M<\/a><span class=\"gmpm_label\">Maximize<\/span><\/li>\n\t\t\t\t\t<li style=\"list-style:none;\"><a data-key=\"left\" class=\"gmpm_key\">&nbsp;<\/a><span class=\"gmpm_label\">Previous<\/span><\/li>\n\t\t\t\t\t<li style=\"list-style:none;\"><a data-key=\"right\" class=\"gmpm_key\">&nbsp;<\/a><span class=\"gmpm_label\">Next<\/span><\/li>\n\t\t\t\t\t<li style=\"list-style:none;\"><a data-key=\"escape\" class=\"gmpm_key gmpm_esc\">esc<\/a><span class=\"gmpm_label\">Close<\/span><\/li>\n\t\t\t\t<\/ul>\n\t\t\t<\/div>\n\t\t<\/div>\n\n\t<\/div>\n\n\t<script type=\"text\/javascript\">\n\t\t\tdocument.addEventListener( 'DOMContentLoaded', function() {\n\t\t\t\tjQuery( function( $ ) {\n\t\t\t\t\tvar settings = {\"show_comments\":\"0\",\"show_download_button\":\"0\",\"show_link_button\":\"0\",\"show_description\":\"0\",\"show_author_avatar\":\"0\",\"show_author_name\":\"0\",\"show_share_button\":\"0\",\"show_like_button\":\"0\",\"link_color\":\"096900\",\"link_color_hover\":\"096900\",\"description_title\":\"Beschreibung\",\"ID\":207,\"url\":\"https:\\\/\\\/www.heimatverein-delligsen.de?rest_route=%2Fwp%2Fv2%2Fposts%2F8904\",\"moduleUrl\":\"https:\\\/\\\/www.heimatverein-delligsen.de\\\/hvd20\\\/wp-content\\\/grand-media\\\/module\\\/photomania\",\"initial_slide\":0};\n\t\t\t\t\tvar content = {\"data\":[{\"id\":\"3847\",\"type\":\"image\",\"file\":\"Jedes_Kind_bekommt_eine_Kastanie_als_Handschmeichler.jpg\",\"meta\":{\"width\":1024,\"height\":681,\"views\":804,\"likes\":0},\"title\":\"Jedes Kind bekommt eine Kastanie als Handschmeichler\",\"alt\":\"Jedes Kind bekommt eine Kastanie als Handschmeichler\",\"author\":{\"name\":\"Eike Heuer\",\"posts_link\":\"https:\\\/\\\/www.heimatverein-delligsen.de\\\/?author=1\"},\"post_link\":\"https:\\\/\\\/www.heimatverein-delligsen.de\\\/?gmedia=jedes_kind_bekommt_eine_kastanie_als_handschmeichler-jpg\",\"ratio\":1.5036710719530101965091262172791175544261932373046875},{\"id\":\"3848\",\"type\":\"image\",\"file\":\"Mit_dem_F_rster_durch_den_Wald.jpg\",\"meta\":{\"width\":1024,\"height\":681,\"views\":125,\"likes\":0},\"title\":\"Mit dem F\\u00f6rster durch den Wald\",\"alt\":\"Mit dem F\\u00f6rster durch den Wald\",\"author\":{\"name\":\"Eike Heuer\",\"posts_link\":\"https:\\\/\\\/www.heimatverein-delligsen.de\\\/?author=1\"},\"post_link\":\"https:\\\/\\\/www.heimatverein-delligsen.de\\\/?gmedia=mit_dem_f_rster_durch_den_wald-jpg\",\"ratio\":1.5036710719530101965091262172791175544261932373046875},{\"id\":\"3853\",\"type\":\"image\",\"file\":\"Was_kriecht_und_krabbelt_denn_da....jpg\",\"meta\":{\"width\":1024,\"height\":681,\"views\":97,\"likes\":0},\"title\":\"Was Kriecht Und Krabbelt Denn Da...\",\"alt\":\"Was Kriecht Und Krabbelt Denn Da...\",\"author\":{\"name\":\"Eike Heuer\",\"posts_link\":\"https:\\\/\\\/www.heimatverein-delligsen.de\\\/?author=1\"},\"post_link\":\"https:\\\/\\\/www.heimatverein-delligsen.de\\\/?gmedia=was_kriecht_und_krabbelt_denn_da-jpg\",\"ratio\":1.5036710719530101965091262172791175544261932373046875},{\"id\":\"3852\",\"type\":\"image\",\"file\":\"Thomas_beantwortet_die_vielen_Fragen_der_Kinder.jpg\",\"meta\":{\"width\":1024,\"height\":681,\"views\":112,\"likes\":0},\"title\":\"Thomas beantwortet die vielen Fragen der Kinder\",\"alt\":\"Thomas beantwortet die vielen Fragen der Kinder\",\"author\":{\"name\":\"Eike Heuer\",\"posts_link\":\"https:\\\/\\\/www.heimatverein-delligsen.de\\\/?author=1\"},\"post_link\":\"https:\\\/\\\/www.heimatverein-delligsen.de\\\/?gmedia=thomas_beantwortet_die_vielen_fragen_der_kinder-jpg\",\"ratio\":1.5036710719530101965091262172791175544261932373046875},{\"id\":\"3851\",\"type\":\"image\",\"file\":\"Spa_beim_Raupenspiel.jpg\",\"meta\":{\"width\":1024,\"height\":681,\"views\":97,\"likes\":0},\"title\":\"Spa\\u00df beim Raupenspiel\",\"alt\":\"Spa\\u00df beim Raupenspiel\",\"author\":{\"name\":\"Eike Heuer\",\"posts_link\":\"https:\\\/\\\/www.heimatverein-delligsen.de\\\/?author=1\"},\"post_link\":\"https:\\\/\\\/www.heimatverein-delligsen.de\\\/?gmedia=spa_beim_raupenspiel-jpg\",\"ratio\":1.5036710719530101965091262172791175544261932373046875},{\"id\":\"3850\",\"type\":\"image\",\"file\":\"Spa_bei_lustigen_Spielen.jpg\",\"meta\":{\"width\":1024,\"height\":681,\"views\":99,\"likes\":0},\"title\":\"Spa\\u00df bei lustigen Spielen\",\"alt\":\"Spa\\u00df bei lustigen Spielen\",\"author\":{\"name\":\"Eike Heuer\",\"posts_link\":\"https:\\\/\\\/www.heimatverein-delligsen.de\\\/?author=1\"},\"post_link\":\"https:\\\/\\\/www.heimatverein-delligsen.de\\\/?gmedia=spa_bei_lustigen_spielen-jpg\",\"ratio\":1.5036710719530101965091262172791175544261932373046875},{\"id\":\"3841\",\"type\":\"image\",\"file\":\"Beim_Raupenspiel.jpg\",\"meta\":{\"width\":1536,\"height\":2048,\"views\":73,\"likes\":0},\"title\":\"Beim Raupenspiel\",\"alt\":\"Beim Raupenspiel\",\"author\":{\"name\":\"Eike Heuer\",\"posts_link\":\"https:\\\/\\\/www.heimatverein-delligsen.de\\\/?author=1\"},\"post_link\":\"https:\\\/\\\/www.heimatverein-delligsen.de\\\/?gmedia=beim_raupenspiel-jpg\",\"ratio\":0.75},{\"id\":\"3849\",\"type\":\"image\",\"file\":\"So_macht_Lernen_Freude.jpg\",\"meta\":{\"width\":1024,\"height\":681,\"views\":99,\"likes\":0},\"title\":\"So macht Lernen Freude\",\"alt\":\"So macht Lernen Freude\",\"author\":{\"name\":\"Eike Heuer\",\"posts_link\":\"https:\\\/\\\/www.heimatverein-delligsen.de\\\/?author=1\"},\"post_link\":\"https:\\\/\\\/www.heimatverein-delligsen.de\\\/?gmedia=so_macht_lernen_freude-jpg\",\"ratio\":1.5036710719530101965091262172791175544261932373046875},{\"id\":\"3845\",\"type\":\"image\",\"file\":\"Im_Herbstwald.jpg\",\"meta\":{\"width\":2048,\"height\":1536,\"views\":73,\"likes\":0},\"title\":\"Im Herbstwald\",\"alt\":\"Im Herbstwald\",\"author\":{\"name\":\"Eike Heuer\",\"posts_link\":\"https:\\\/\\\/www.heimatverein-delligsen.de\\\/?author=1\"},\"post_link\":\"https:\\\/\\\/www.heimatverein-delligsen.de\\\/?gmedia=im_herbstwald-jpg\",\"ratio\":1.3333333333333332593184650249895639717578887939453125},{\"id\":\"3843\",\"type\":\"image\",\"file\":\"Die_gesammelten_Bl_tter_werden_bestimmt.jpg\",\"meta\":{\"width\":1024,\"height\":681,\"views\":92,\"likes\":0},\"title\":\"Die gesammelten Bl\\u00e4tter werden bestimmt\",\"alt\":\"Die gesammelten Bl\\u00e4tter werden bestimmt\",\"author\":{\"name\":\"Eike Heuer\",\"posts_link\":\"https:\\\/\\\/www.heimatverein-delligsen.de\\\/?author=1\"},\"post_link\":\"https:\\\/\\\/www.heimatverein-delligsen.de\\\/?gmedia=die_gesammelten_bl_tter_werden_bestimmt-jpg\",\"ratio\":1.5036710719530101965091262172791175544261932373046875},{\"id\":\"3842\",\"type\":\"image\",\"file\":\"Der_Waldboden_wird_nach_kleinen_Waldtierchen_abgesucht.jpg\",\"meta\":{\"width\":1024,\"height\":681,\"views\":62,\"likes\":0},\"title\":\"Der Waldboden wird nach kleinen Waldtierchen abgesucht\",\"alt\":\"Der Waldboden wird nach kleinen Waldtierchen abgesucht\",\"author\":{\"name\":\"Eike Heuer\",\"posts_link\":\"https:\\\/\\\/www.heimatverein-delligsen.de\\\/?author=1\"},\"post_link\":\"https:\\\/\\\/www.heimatverein-delligsen.de\\\/?gmedia=der_waldboden_wird_nach_kleinen_waldtierchen_abgesucht-jpg\",\"ratio\":1.5036710719530101965091262172791175544261932373046875},{\"id\":\"3844\",\"type\":\"image\",\"file\":\"Die_kleinen_Tierchen_werden_bestimmt.jpg\",\"meta\":{\"width\":1024,\"height\":681,\"views\":83,\"likes\":0},\"title\":\"Die kleinen Tierchen werden bestimmt\",\"alt\":\"Die kleinen Tierchen werden bestimmt\",\"author\":{\"name\":\"Eike Heuer\",\"posts_link\":\"https:\\\/\\\/www.heimatverein-delligsen.de\\\/?author=1\"},\"post_link\":\"https:\\\/\\\/www.heimatverein-delligsen.de\\\/?gmedia=die_kleinen_tierchen_werden_bestimmt-jpg\",\"ratio\":1.5036710719530101965091262172791175544261932373046875},{\"id\":\"3846\",\"type\":\"image\",\"file\":\"Imbiss_an_der_K_hlerh_tte.jpg\",\"meta\":{\"width\":1024,\"height\":681,\"views\":91,\"likes\":0},\"title\":\"Imbiss an der K\\u00f6hlerh\\u00fctte\",\"alt\":\"Imbiss an der K\\u00f6hlerh\\u00fctte\",\"author\":{\"name\":\"Eike Heuer\",\"posts_link\":\"https:\\\/\\\/www.heimatverein-delligsen.de\\\/?author=1\"},\"post_link\":\"https:\\\/\\\/www.heimatverein-delligsen.de\\\/?gmedia=imbiss_an_der_k_hlerh_tte-jpg\",\"ratio\":1.5036710719530101965091262172791175544261932373046875}],\"terms\":[]};\n\t\t\t\t\tvar container = $( '#GmediaGallery_207' );\n\t\t\t\t\tcontainer.photomania( settings, content );\n\t\t\t\t\twindow.GmediaGallery_207 = container.data( 'photomania' );\n\t\t\t\t} );\n\t\t\t} );\n\t<\/script><\/div>\n<p><em>[Bericht und Bilder von B\u00e4rbel Negraszus bereitgestellt]<\/em><\/p>\n<div data-animation=\"no-animation\" data-icons-animation=\"wobble\" data-overlay=\"\" data-change-size=\"\" data-button-size=\"1\" style=\"font-size:1em!important;display:none;\" class=\"supsystic-social-sharing supsystic-social-sharing-package-flat supsystic-social-sharing-hide-on-homepage supsystic-social-sharing-hide-on-mobile supsystic-social-sharing-spacing supsystic-social-sharing-content supsystic-social-sharing-content-align-right\" data-text=\"\"><a data-networks=\"[]\" class=\"social-sharing-button sharer-flat sharer-flat-4 counter-standard without-counter facebook\" target=\"_blank\" title=\"Facebook\" href=\"http:\/\/www.facebook.com\/sharer.php?u=https%3A%2F%2Fwww.heimatverein-delligsen.de%2F%3Fp%3D8904\" data-main-href=\"http:\/\/www.facebook.com\/sharer.php?u={url}\" data-nid=\"1\" data-name=\"\" data-pid=\"1\" data-post-id=\"8904\" data-url=\"https:\/\/www.heimatverein-delligsen.de\/hvd20\/wp-admin\/admin-ajax.php\" rel=\"nofollow\" data-mailto=\"\"><i class=\"fa-ssbs fa-ssbs-fw fa-ssbs-facebook\"><\/i><div class=\"counter-wrap standard\"><span class=\"counter\">0<\/span><\/div><\/a><a data-networks=\"[]\" class=\"social-sharing-button sharer-flat sharer-flat-4 counter-standard without-counter twitter\" target=\"_blank\" title=\"Twitter\" href=\"https:\/\/twitter.com\/share?url=https%3A%2F%2Fwww.heimatverein-delligsen.de%2F%3Fp%3D8904&text=Ferienpass-Aktion+%26%238211%3B+Mit+dem+F%C3%B6rster+durch+den+Herbstwald\" data-main-href=\"https:\/\/twitter.com\/share?url={url}&text={title}\" data-nid=\"2\" data-name=\"\" data-pid=\"1\" data-post-id=\"8904\" data-url=\"https:\/\/www.heimatverein-delligsen.de\/hvd20\/wp-admin\/admin-ajax.php\" rel=\"nofollow\" data-mailto=\"\"><i class=\"fa-ssbs fa-ssbs-fw fa-ssbs-twitter\"><\/i><div class=\"counter-wrap standard\"><span class=\"counter\">0<\/span><\/div><\/a><a data-networks=\"[]\" class=\"social-sharing-button sharer-flat sharer-flat-4 counter-standard without-counter googleplus\" target=\"_blank\" title=\"Google+\" href=\"https:\/\/plus.google.com\/share?url=https%3A%2F%2Fwww.heimatverein-delligsen.de%2F%3Fp%3D8904\" data-main-href=\"https:\/\/plus.google.com\/share?url={url}\" data-nid=\"3\" data-name=\"\" data-pid=\"1\" data-post-id=\"8904\" data-url=\"https:\/\/www.heimatverein-delligsen.de\/hvd20\/wp-admin\/admin-ajax.php\" rel=\"nofollow\" data-mailto=\"\"><i class=\"fa-ssbs fa-ssbs-fw fa-ssbs-google-plus\"><\/i><div class=\"counter-wrap standard\"><span class=\"counter\">0<\/span><\/div><\/a><a data-networks=\"[]\" class=\"social-sharing-button sharer-flat sharer-flat-4 counter-standard without-counter mail\" target=\"_blank\" title=\"Mail\" href=\"#\" data-main-href=\"#\" data-nid=\"16\" data-name=\"\" data-pid=\"1\" data-post-id=\"8904\" data-url=\"https:\/\/www.heimatverein-delligsen.de\/hvd20\/wp-admin\/admin-ajax.php\" rel=\"nofollow\" data-mailto=\"\"><i class=\"fa-ssbs fa-ssbs-fw fa-ssbs-envelope-o\"><\/i><div class=\"counter-wrap standard\"><span class=\"counter\">0<\/span><\/div><\/a><a data-networks=\"[]\" class=\"social-sharing-button sharer-flat sharer-flat-4 counter-standard without-counter print\" target=\"_blank\" title=\"Drucken\" href=\"#\" data-main-href=\"#\" data-nid=\"14\" data-name=\"\" data-pid=\"1\" data-post-id=\"8904\" data-url=\"https:\/\/www.heimatverein-delligsen.de\/hvd20\/wp-admin\/admin-ajax.php\" rel=\"nofollow\" data-mailto=\"\"><i class=\"fa-ssbs fa-ssbs-fw fa-ssbs-print\"><\/i><div class=\"counter-wrap standard\"><span class=\"counter\">0<\/span><\/div><\/a><\/div>","protected":false},"excerpt":{"rendered":"<div data-animation=\"no-animation\" data-icons-animation=\"wobble\" data-overlay=\"\" data-change-size=\"\" data-button-size=\"1\" style=\"font-size:1em!important;display:none;\" class=\"supsystic-social-sharing supsystic-social-sharing-package-flat supsystic-social-sharing-hide-on-homepage supsystic-social-sharing-hide-on-mobile supsystic-social-sharing-spacing supsystic-social-sharing-content supsystic-social-sharing-content-align-right\" data-text=\"\"><a data-networks=\"[]\" class=\"social-sharing-button sharer-flat sharer-flat-4 counter-standard without-counter facebook\" target=\"_blank\" title=\"Facebook\" href=\"http:\/\/www.facebook.com\/sharer.php?u=https%3A%2F%2Fwww.heimatverein-delligsen.de%2F%3Fp%3D8904\" data-main-href=\"http:\/\/www.facebook.com\/sharer.php?u={url}\" data-nid=\"1\" data-name=\"\" data-pid=\"1\" data-post-id=\"8904\" data-url=\"https:\/\/www.heimatverein-delligsen.de\/hvd20\/wp-admin\/admin-ajax.php\" rel=\"nofollow\" data-mailto=\"\"><i class=\"fa-ssbs fa-ssbs-fw fa-ssbs-facebook\"><\/i><div class=\"counter-wrap standard\"><span class=\"counter\">0<\/span><\/div><\/a><a data-networks=\"[]\" class=\"social-sharing-button sharer-flat sharer-flat-4 counter-standard without-counter twitter\" target=\"_blank\" title=\"Twitter\" href=\"https:\/\/twitter.com\/share?url=https%3A%2F%2Fwww.heimatverein-delligsen.de%2F%3Fp%3D8904&text=Ferienpass-Aktion+%26%238211%3B+Mit+dem+F%C3%B6rster+durch+den+Herbstwald\" data-main-href=\"https:\/\/twitter.com\/share?url={url}&text={title}\" data-nid=\"2\" data-name=\"\" data-pid=\"1\" data-post-id=\"8904\" data-url=\"https:\/\/www.heimatverein-delligsen.de\/hvd20\/wp-admin\/admin-ajax.php\" rel=\"nofollow\" data-mailto=\"\"><i class=\"fa-ssbs fa-ssbs-fw fa-ssbs-twitter\"><\/i><div class=\"counter-wrap standard\"><span class=\"counter\">0<\/span><\/div><\/a><a data-networks=\"[]\" class=\"social-sharing-button sharer-flat sharer-flat-4 counter-standard without-counter googleplus\" target=\"_blank\" title=\"Google+\" href=\"https:\/\/plus.google.com\/share?url=https%3A%2F%2Fwww.heimatverein-delligsen.de%2F%3Fp%3D8904\" data-main-href=\"https:\/\/plus.google.com\/share?url={url}\" data-nid=\"3\" data-name=\"\" data-pid=\"1\" data-post-id=\"8904\" data-url=\"https:\/\/www.heimatverein-delligsen.de\/hvd20\/wp-admin\/admin-ajax.php\" rel=\"nofollow\" data-mailto=\"\"><i class=\"fa-ssbs fa-ssbs-fw fa-ssbs-google-plus\"><\/i><div class=\"counter-wrap standard\"><span class=\"counter\">0<\/span><\/div><\/a><a data-networks=\"[]\" class=\"social-sharing-button sharer-flat sharer-flat-4 counter-standard without-counter mail\" target=\"_blank\" title=\"Mail\" href=\"#\" data-main-href=\"#\" data-nid=\"16\" data-name=\"\" data-pid=\"1\" data-post-id=\"8904\" data-url=\"https:\/\/www.heimatverein-delligsen.de\/hvd20\/wp-admin\/admin-ajax.php\" rel=\"nofollow\" data-mailto=\"\"><i class=\"fa-ssbs fa-ssbs-fw fa-ssbs-envelope-o\"><\/i><div class=\"counter-wrap standard\"><span class=\"counter\">0<\/span><\/div><\/a><a data-networks=\"[]\" class=\"social-sharing-button sharer-flat sharer-flat-4 counter-standard without-counter print\" target=\"_blank\" title=\"Drucken\" href=\"#\" data-main-href=\"#\" data-nid=\"14\" data-name=\"\" data-pid=\"1\" data-post-id=\"8904\" data-url=\"https:\/\/www.heimatverein-delligsen.de\/hvd20\/wp-admin\/admin-ajax.php\" rel=\"nofollow\" data-mailto=\"\"><i class=\"fa-ssbs fa-ssbs-fw fa-ssbs-print\"><\/i><div class=\"counter-wrap standard\"><span class=\"counter\">0<\/span><\/div><\/a><\/div><div data-animation=\"no-animation\" data-icons-animation=\"no-animation\" data-overlay=\"\" data-change-size=\"\" data-button-size=\"0.7\" style=\"font-size:0.7em!important;display:none;\" class=\"supsystic-social-sharing supsystic-social-sharing-package-flat supsystic-social-sharing-hide-on-homepage supsystic-social-sharing-show-only-on-mobile supsystic-social-sharing-spacing supsystic-social-sharing-content supsystic-social-sharing-content-align-center\" data-text=\"\"><a data-networks=\"[]\" class=\"social-sharing-button sharer-flat sharer-flat-4 counter-standard without-counter facebook\" target=\"_blank\" title=\"Facebook\" href=\"http:\/\/www.facebook.com\/sharer.php?u=https%3A%2F%2Fwww.heimatverein-delligsen.de%2F%3Fp%3D8904\" data-main-href=\"http:\/\/www.facebook.com\/sharer.php?u={url}\" data-nid=\"1\" data-name=\"\" data-pid=\"2\" data-post-id=\"8904\" data-url=\"https:\/\/www.heimatverein-delligsen.de\/hvd20\/wp-admin\/admin-ajax.php\" rel=\"nofollow\" data-mailto=\"\"><i class=\"fa-ssbs fa-ssbs-fw fa-ssbs-facebook\"><\/i><div class=\"counter-wrap standard\"><span class=\"counter\">0<\/span><\/div><\/a><a data-networks=\"[]\" class=\"social-sharing-button sharer-flat sharer-flat-4 counter-standard without-counter whatsapp\" target=\"_blank\" title=\"WhatsApp\" href=\"https:\/\/web.whatsapp.com\/send?text=https%3A%2F%2Fwww.heimatverein-delligsen.de%2F%3Fp%3D8904\" data-main-href=\"https:\/\/web.whatsapp.com\/send?text={url}\" data-nid=\"18\" data-name=\"\" data-pid=\"2\" data-post-id=\"8904\" data-url=\"https:\/\/www.heimatverein-delligsen.de\/hvd20\/wp-admin\/admin-ajax.php\" rel=\"nofollow\" data-mailto=\"\"><i class=\"fa-ssbs fa-ssbs-fw fa-ssbs-whatsapp\"><\/i><div class=\"counter-wrap standard\"><span class=\"counter\">1<\/span><\/div><\/a><a data-networks=\"[]\" class=\"social-sharing-button sharer-flat sharer-flat-4 counter-standard without-counter twitter\" target=\"_blank\" title=\"Twitter\" href=\"https:\/\/twitter.com\/share?url=https%3A%2F%2Fwww.heimatverein-delligsen.de%2F%3Fp%3D8904&text=Ferienpass-Aktion+%26%238211%3B+Mit+dem+F%C3%B6rster+durch+den+Herbstwald\" data-main-href=\"https:\/\/twitter.com\/share?url={url}&text={title}\" data-nid=\"2\" data-name=\"\" data-pid=\"2\" data-post-id=\"8904\" data-url=\"https:\/\/www.heimatverein-delligsen.de\/hvd20\/wp-admin\/admin-ajax.php\" rel=\"nofollow\" data-mailto=\"\"><i class=\"fa-ssbs fa-ssbs-fw fa-ssbs-twitter\"><\/i><div class=\"counter-wrap standard\"><span class=\"counter\">0<\/span><\/div><\/a><a data-networks=\"[]\" class=\"social-sharing-button sharer-flat sharer-flat-4 counter-standard without-counter googleplus\" target=\"_blank\" title=\"Google+\" href=\"https:\/\/plus.google.com\/share?url=https%3A%2F%2Fwww.heimatverein-delligsen.de%2F%3Fp%3D8904\" data-main-href=\"https:\/\/plus.google.com\/share?url={url}\" data-nid=\"3\" data-name=\"\" data-pid=\"2\" data-post-id=\"8904\" data-url=\"https:\/\/www.heimatverein-delligsen.de\/hvd20\/wp-admin\/admin-ajax.php\" rel=\"nofollow\" data-mailto=\"\"><i class=\"fa-ssbs fa-ssbs-fw fa-ssbs-google-plus\"><\/i><div class=\"counter-wrap standard\"><span class=\"counter\">0<\/span><\/div><\/a><a data-networks=\"[]\" class=\"social-sharing-button sharer-flat sharer-flat-4 counter-standard without-counter mail\" target=\"_blank\" title=\"Mail\" href=\"#\" data-main-href=\"#\" data-nid=\"16\" data-name=\"\" data-pid=\"2\" data-post-id=\"8904\" data-url=\"https:\/\/www.heimatverein-delligsen.de\/hvd20\/wp-admin\/admin-ajax.php\" rel=\"nofollow\" data-mailto=\"\"><i class=\"fa-ssbs fa-ssbs-fw fa-ssbs-envelope-o\"><\/i><div class=\"counter-wrap standard\"><span class=\"counter\">0<\/span><\/div><\/a><\/div><p>Am Dienstag 18. Oktober 2022 nahmen 19 Kinder an der Ferienpass-Aktion vom Heimatverein Delligsen teil. Thomas Krengel vom Nieders\u00e4chsischen Forstamt<\/p>\n<div data-animation=\"no-animation\" data-icons-animation=\"wobble\" data-overlay=\"\" data-change-size=\"\" data-button-size=\"1\" style=\"font-size:1em!important;display:none;\" class=\"supsystic-social-sharing supsystic-social-sharing-package-flat supsystic-social-sharing-hide-on-homepage supsystic-social-sharing-hide-on-mobile supsystic-social-sharing-spacing supsystic-social-sharing-content supsystic-social-sharing-content-align-right\" data-text=\"\"><a data-networks=\"[]\" class=\"social-sharing-button sharer-flat sharer-flat-4 counter-standard without-counter facebook\" target=\"_blank\" title=\"Facebook\" href=\"http:\/\/www.facebook.com\/sharer.php?u=https%3A%2F%2Fwww.heimatverein-delligsen.de%2F%3Fp%3D8904\" data-main-href=\"http:\/\/www.facebook.com\/sharer.php?u={url}\" data-nid=\"1\" data-name=\"\" data-pid=\"1\" data-post-id=\"8904\" data-url=\"https:\/\/www.heimatverein-delligsen.de\/hvd20\/wp-admin\/admin-ajax.php\" rel=\"nofollow\" data-mailto=\"\"><i class=\"fa-ssbs fa-ssbs-fw fa-ssbs-facebook\"><\/i><div class=\"counter-wrap standard\"><span class=\"counter\">0<\/span><\/div><\/a><a data-networks=\"[]\" class=\"social-sharing-button sharer-flat sharer-flat-4 counter-standard without-counter twitter\" target=\"_blank\" title=\"Twitter\" href=\"https:\/\/twitter.com\/share?url=https%3A%2F%2Fwww.heimatverein-delligsen.de%2F%3Fp%3D8904&text=Ferienpass-Aktion+%26%238211%3B+Mit+dem+F%C3%B6rster+durch+den+Herbstwald\" data-main-href=\"https:\/\/twitter.com\/share?url={url}&text={title}\" data-nid=\"2\" data-name=\"\" data-pid=\"1\" data-post-id=\"8904\" data-url=\"https:\/\/www.heimatverein-delligsen.de\/hvd20\/wp-admin\/admin-ajax.php\" rel=\"nofollow\" data-mailto=\"\"><i class=\"fa-ssbs fa-ssbs-fw fa-ssbs-twitter\"><\/i><div class=\"counter-wrap standard\"><span class=\"counter\">0<\/span><\/div><\/a><a data-networks=\"[]\" class=\"social-sharing-button sharer-flat sharer-flat-4 counter-standard without-counter googleplus\" target=\"_blank\" title=\"Google+\" href=\"https:\/\/plus.google.com\/share?url=https%3A%2F%2Fwww.heimatverein-delligsen.de%2F%3Fp%3D8904\" data-main-href=\"https:\/\/plus.google.com\/share?url={url}\" data-nid=\"3\" data-name=\"\" data-pid=\"1\" data-post-id=\"8904\" data-url=\"https:\/\/www.heimatverein-delligsen.de\/hvd20\/wp-admin\/admin-ajax.php\" rel=\"nofollow\" data-mailto=\"\"><i class=\"fa-ssbs fa-ssbs-fw fa-ssbs-google-plus\"><\/i><div class=\"counter-wrap standard\"><span class=\"counter\">0<\/span><\/div><\/a><a data-networks=\"[]\" class=\"social-sharing-button sharer-flat sharer-flat-4 counter-standard without-counter mail\" target=\"_blank\" title=\"Mail\" href=\"#\" data-main-href=\"#\" data-nid=\"16\" data-name=\"\" data-pid=\"1\" data-post-id=\"8904\" data-url=\"https:\/\/www.heimatverein-delligsen.de\/hvd20\/wp-admin\/admin-ajax.php\" rel=\"nofollow\" data-mailto=\"\"><i class=\"fa-ssbs fa-ssbs-fw fa-ssbs-envelope-o\"><\/i><div class=\"counter-wrap standard\"><span class=\"counter\">0<\/span><\/div><\/a><a data-networks=\"[]\" class=\"social-sharing-button sharer-flat sharer-flat-4 counter-standard without-counter print\" target=\"_blank\" title=\"Drucken\" href=\"#\" data-main-href=\"#\" data-nid=\"14\" data-name=\"\" data-pid=\"1\" data-post-id=\"8904\" data-url=\"https:\/\/www.heimatverein-delligsen.de\/hvd20\/wp-admin\/admin-ajax.php\" rel=\"nofollow\" data-mailto=\"\"><i class=\"fa-ssbs fa-ssbs-fw fa-ssbs-print\"><\/i><div class=\"counter-wrap standard\"><span class=\"counter\">0<\/span><\/div><\/a><\/div>","protected":false},"author":1,"featured_media":8905,"comment_status":"closed","ping_status":"open","sticky":false,"template":"","format":"standard","meta":{"footnotes":""},"categories":[1],"tags":[],"class_list":["post-8904","post","type-post","status-publish","format-standard","has-post-thumbnail","hentry","category-allgemein"],"_links":{"self":[{"href":"https:\/\/www.heimatverein-delligsen.de\/index.php?rest_route=\/wp\/v2\/posts\/8904","targetHints":{"allow":["GET"]}}],"collection":[{"href":"https:\/\/www.heimatverein-delligsen.de\/index.php?rest_route=\/wp\/v2\/posts"}],"about":[{"href":"https:\/\/www.heimatverein-delligsen.de\/index.php?rest_route=\/wp\/v2\/types\/post"}],"author":[{"embeddable":true,"href":"https:\/\/www.heimatverein-delligsen.de\/index.php?rest_route=\/wp\/v2\/users\/1"}],"replies":[{"embeddable":true,"href":"https:\/\/www.heimatverein-delligsen.de\/index.php?rest_route=%2Fwp%2Fv2%2Fcomments&post=8904"}],"version-history":[{"count":2,"href":"https:\/\/www.heimatverein-delligsen.de\/index.php?rest_route=\/wp\/v2\/posts\/8904\/revisions"}],"predecessor-version":[{"id":8907,"href":"https:\/\/www.heimatverein-delligsen.de\/index.php?rest_route=\/wp\/v2\/posts\/8904\/revisions\/8907"}],"wp:featuredmedia":[{"embeddable":true,"href":"https:\/\/www.heimatverein-delligsen.de\/index.php?rest_route=\/wp\/v2\/media\/8905"}],"wp:attachment":[{"href":"https:\/\/www.heimatverein-delligsen.de\/index.php?rest_route=%2Fwp%2Fv2%2Fmedia&parent=8904"}],"wp:term":[{"taxonomy":"category","embeddable":true,"href":"https:\/\/www.heimatverein-delligsen.de\/index.php?rest_route=%2Fwp%2Fv2%2Fcategories&post=8904"},{"taxonomy":"post_tag","embeddable":true,"href":"https:\/\/www.heimatverein-delligsen.de\/index.php?rest_route=%2Fwp%2Fv2%2Ftags&post=8904"}],"curies":[{"name":"wp","href":"https:\/\/api.w.org\/{rel}","templated":true}]}}