{"id":9665,"date":"2024-11-09T10:02:29","date_gmt":"2024-11-09T09:02:29","guid":{"rendered":"https:\/\/www.heimatverein-delligsen.de\/?p=9665"},"modified":"2024-11-09T10:02:29","modified_gmt":"2024-11-09T09:02:29","slug":"heimatverein-delligsen-stark-vertreten-bei-der-sternwanderung-in-kaierde","status":"publish","type":"post","link":"https:\/\/www.heimatverein-delligsen.de\/?p=9665","title":{"rendered":"Heimatverein Delligsen stark vertreten bei der Sternwanderung in Kaierde"},"content":{"rendered":"<div data-animation=\"no-animation\" data-icons-animation=\"wobble\" data-overlay=\"\" data-change-size=\"\" data-button-size=\"1\" style=\"font-size:1em!important;display:none;\" class=\"supsystic-social-sharing supsystic-social-sharing-package-flat supsystic-social-sharing-hide-on-homepage supsystic-social-sharing-hide-on-mobile supsystic-social-sharing-spacing supsystic-social-sharing-content supsystic-social-sharing-content-align-right\" data-text=\"\"><a data-networks=\"[]\" class=\"social-sharing-button sharer-flat sharer-flat-4 counter-standard without-counter facebook\" target=\"_blank\" title=\"Facebook\" href=\"http:\/\/www.facebook.com\/sharer.php?u=https%3A%2F%2Fwww.heimatverein-delligsen.de%2F%3Fp%3D9665\" data-main-href=\"http:\/\/www.facebook.com\/sharer.php?u={url}\" data-nid=\"1\" data-name=\"\" data-pid=\"1\" data-post-id=\"9665\" data-url=\"https:\/\/www.heimatverein-delligsen.de\/hvd20\/wp-admin\/admin-ajax.php\" rel=\"nofollow\" data-mailto=\"\"><i class=\"fa-ssbs fa-ssbs-fw fa-ssbs-facebook\"><\/i><div class=\"counter-wrap standard\"><span class=\"counter\">0<\/span><\/div><\/a><a data-networks=\"[]\" class=\"social-sharing-button sharer-flat sharer-flat-4 counter-standard without-counter twitter\" target=\"_blank\" title=\"Twitter\" href=\"https:\/\/twitter.com\/share?url=https%3A%2F%2Fwww.heimatverein-delligsen.de%2F%3Fp%3D9665&text=Heimatverein+Delligsen+stark+vertreten+bei+der+Sternwanderung+in+Kaierde\" data-main-href=\"https:\/\/twitter.com\/share?url={url}&text={title}\" data-nid=\"2\" data-name=\"\" data-pid=\"1\" data-post-id=\"9665\" data-url=\"https:\/\/www.heimatverein-delligsen.de\/hvd20\/wp-admin\/admin-ajax.php\" rel=\"nofollow\" data-mailto=\"\"><i class=\"fa-ssbs fa-ssbs-fw fa-ssbs-twitter\"><\/i><div class=\"counter-wrap standard\"><span class=\"counter\">0<\/span><\/div><\/a><a data-networks=\"[]\" class=\"social-sharing-button sharer-flat sharer-flat-4 counter-standard without-counter googleplus\" target=\"_blank\" title=\"Google+\" href=\"https:\/\/plus.google.com\/share?url=https%3A%2F%2Fwww.heimatverein-delligsen.de%2F%3Fp%3D9665\" data-main-href=\"https:\/\/plus.google.com\/share?url={url}\" data-nid=\"3\" data-name=\"\" data-pid=\"1\" data-post-id=\"9665\" data-url=\"https:\/\/www.heimatverein-delligsen.de\/hvd20\/wp-admin\/admin-ajax.php\" rel=\"nofollow\" data-mailto=\"\"><i class=\"fa-ssbs fa-ssbs-fw fa-ssbs-google-plus\"><\/i><div class=\"counter-wrap standard\"><span class=\"counter\">0<\/span><\/div><\/a><a data-networks=\"[]\" class=\"social-sharing-button sharer-flat sharer-flat-4 counter-standard without-counter mail\" target=\"_blank\" title=\"Mail\" href=\"#\" data-main-href=\"#\" data-nid=\"16\" data-name=\"\" data-pid=\"1\" data-post-id=\"9665\" data-url=\"https:\/\/www.heimatverein-delligsen.de\/hvd20\/wp-admin\/admin-ajax.php\" rel=\"nofollow\" data-mailto=\"\"><i class=\"fa-ssbs fa-ssbs-fw fa-ssbs-envelope-o\"><\/i><div class=\"counter-wrap standard\"><span class=\"counter\">0<\/span><\/div><\/a><a data-networks=\"[]\" class=\"social-sharing-button sharer-flat sharer-flat-4 counter-standard without-counter print\" target=\"_blank\" title=\"Drucken\" href=\"#\" data-main-href=\"#\" data-nid=\"14\" data-name=\"\" data-pid=\"1\" data-post-id=\"9665\" data-url=\"https:\/\/www.heimatverein-delligsen.de\/hvd20\/wp-admin\/admin-ajax.php\" rel=\"nofollow\" data-mailto=\"\"><i class=\"fa-ssbs fa-ssbs-fw fa-ssbs-print\"><\/i><div class=\"counter-wrap standard\"><span class=\"counter\">0<\/span><\/div><\/a><\/div><div data-animation=\"no-animation\" data-icons-animation=\"no-animation\" data-overlay=\"\" data-change-size=\"\" data-button-size=\"0.7\" style=\"font-size:0.7em!important;display:none;\" class=\"supsystic-social-sharing supsystic-social-sharing-package-flat supsystic-social-sharing-hide-on-homepage supsystic-social-sharing-show-only-on-mobile supsystic-social-sharing-spacing supsystic-social-sharing-content supsystic-social-sharing-content-align-center\" data-text=\"\"><a data-networks=\"[]\" class=\"social-sharing-button sharer-flat sharer-flat-4 counter-standard without-counter facebook\" target=\"_blank\" title=\"Facebook\" href=\"http:\/\/www.facebook.com\/sharer.php?u=https%3A%2F%2Fwww.heimatverein-delligsen.de%2F%3Fp%3D9665\" data-main-href=\"http:\/\/www.facebook.com\/sharer.php?u={url}\" data-nid=\"1\" data-name=\"\" data-pid=\"2\" data-post-id=\"9665\" data-url=\"https:\/\/www.heimatverein-delligsen.de\/hvd20\/wp-admin\/admin-ajax.php\" rel=\"nofollow\" data-mailto=\"\"><i class=\"fa-ssbs fa-ssbs-fw fa-ssbs-facebook\"><\/i><div class=\"counter-wrap standard\"><span class=\"counter\">0<\/span><\/div><\/a><a data-networks=\"[]\" class=\"social-sharing-button sharer-flat sharer-flat-4 counter-standard without-counter whatsapp\" target=\"_blank\" title=\"WhatsApp\" href=\"https:\/\/web.whatsapp.com\/send?text=https%3A%2F%2Fwww.heimatverein-delligsen.de%2F%3Fp%3D9665\" data-main-href=\"https:\/\/web.whatsapp.com\/send?text={url}\" data-nid=\"18\" data-name=\"\" data-pid=\"2\" data-post-id=\"9665\" data-url=\"https:\/\/www.heimatverein-delligsen.de\/hvd20\/wp-admin\/admin-ajax.php\" rel=\"nofollow\" data-mailto=\"\"><i class=\"fa-ssbs fa-ssbs-fw fa-ssbs-whatsapp\"><\/i><div class=\"counter-wrap standard\"><span class=\"counter\">0<\/span><\/div><\/a><a data-networks=\"[]\" class=\"social-sharing-button sharer-flat sharer-flat-4 counter-standard without-counter twitter\" target=\"_blank\" title=\"Twitter\" href=\"https:\/\/twitter.com\/share?url=https%3A%2F%2Fwww.heimatverein-delligsen.de%2F%3Fp%3D9665&text=Heimatverein+Delligsen+stark+vertreten+bei+der+Sternwanderung+in+Kaierde\" data-main-href=\"https:\/\/twitter.com\/share?url={url}&text={title}\" data-nid=\"2\" data-name=\"\" data-pid=\"2\" data-post-id=\"9665\" data-url=\"https:\/\/www.heimatverein-delligsen.de\/hvd20\/wp-admin\/admin-ajax.php\" rel=\"nofollow\" data-mailto=\"\"><i class=\"fa-ssbs fa-ssbs-fw fa-ssbs-twitter\"><\/i><div class=\"counter-wrap standard\"><span class=\"counter\">0<\/span><\/div><\/a><a data-networks=\"[]\" class=\"social-sharing-button sharer-flat sharer-flat-4 counter-standard without-counter googleplus\" target=\"_blank\" title=\"Google+\" href=\"https:\/\/plus.google.com\/share?url=https%3A%2F%2Fwww.heimatverein-delligsen.de%2F%3Fp%3D9665\" data-main-href=\"https:\/\/plus.google.com\/share?url={url}\" data-nid=\"3\" data-name=\"\" data-pid=\"2\" data-post-id=\"9665\" data-url=\"https:\/\/www.heimatverein-delligsen.de\/hvd20\/wp-admin\/admin-ajax.php\" rel=\"nofollow\" data-mailto=\"\"><i class=\"fa-ssbs fa-ssbs-fw fa-ssbs-google-plus\"><\/i><div class=\"counter-wrap standard\"><span class=\"counter\">0<\/span><\/div><\/a><a data-networks=\"[]\" class=\"social-sharing-button sharer-flat sharer-flat-4 counter-standard without-counter mail\" target=\"_blank\" title=\"Mail\" href=\"#\" data-main-href=\"#\" data-nid=\"16\" data-name=\"\" data-pid=\"2\" data-post-id=\"9665\" data-url=\"https:\/\/www.heimatverein-delligsen.de\/hvd20\/wp-admin\/admin-ajax.php\" rel=\"nofollow\" data-mailto=\"\"><i class=\"fa-ssbs fa-ssbs-fw fa-ssbs-envelope-o\"><\/i><div class=\"counter-wrap standard\"><span class=\"counter\">0<\/span><\/div><\/a><\/div><p>Am 3. November 2024 fand die traditionelle Sternwanderung statt, diesmal organisiert vom Heimatverein Kaierde. Auch in diesem Jahr zog das Event wieder zahlreiche Wanderfreunde aus der Region an. Mitglieder der Heimatvereine Kaierde und Delligsen sowie Wanderfreunde aus Gr\u00fcnenplan waren zahlreich vertreten und trafen sich p\u00fcnktlich am Buswendeplatz in Kaierde, dem Startpunkt der Wanderung.<\/p>\n<p>Das Wetter zeigte sich k\u00fchl, aber freundlich \u2013 klare Luft und Sonnenschein begleiteten die Wanderer den gesamten Tag und sorgten f\u00fcr ideale Bedingungen. Die Strecke f\u00fchrte zun\u00e4chst entlang der Stra\u00dfe Am Riefenberg, bevor die Ortschaft verlassen wurde und die Route in die waldreiche Natur des Hilsgebirges eintauchte.<\/p>\n<p>Die Wanderung f\u00fchrte durch wundersch\u00f6ne Waldlandschaften, und unterwegs legten die Teilnehmer eine Rast im beschaulichen Bornemannshausen ein, um Kr\u00e4fte zu sammeln und den Ausblick zu genie\u00dfen. Nach etwa 8,5 Kilometern endete der Marsch am Grillplatz Am Taubens\u00fctter. Dort versorgte der Heimatverein Kaierde die Teilnehmer mit Getr\u00e4nken und einer warmen Mahlzeit.<br \/>\nEin w\u00e4rmendes Feuer sorgte f\u00fcr eine gem\u00fctliche Atmosph\u00e4re, die zum Verweilen und Austausch unter den Wanderern einlud.<\/p>\n<p>Die diesj\u00e4hrige Sternwanderung bot wieder einmal eine wunderbare Gelegenheit, die Natur zu genie\u00dfen und die Gemeinschaft zu erleben. Ein herzlicher Dank gilt dem Heimatverein Kaierde f\u00fcr die Organisation dieses sch\u00f6nen Wandertages.<\/p>\n<div class=\"gmedia_gallery photomania_module is_bot\" id=\"GmediaGallery_234\" data-gmid=\"234\" data-module=\"photomania\"><style class='gmedia_module_style_import'>@import url('https:\/\/www.heimatverein-delligsen.de\/hvd20\/wp-content\/grand-media\/module\/photomania\/css\/styles.photomania.css?v=1.8') all;\/**** .photomania_module #GmediaGallery_234 ****\/\n#GmediaGallery_234 .gmpm_preload {opacity:0;}\n#GmediaGallery_234 .swiper-big-images img.gmpm_the_photo { max-height:100%; max-width:100%; display:inline; width:auto; height:auto; object-fit:unset; vertical-align:middle; border:none; }\n#GmediaGallery_234 .gmpm_focus .swiper-big-images img.gmpm_the_photo { width:auto; height:auto; object-fit:unset; }\n#GmediaGallery_234 .swiper-small-images img.gmpm_photo { max-width:none; max-height:none; }\n#GmediaGallery_234 .swiper-small-images img.gmpm_photo.gmpm_photo_landscape { width:auto; height:100%; }\n#GmediaGallery_234 .swiper-small-images img.gmpm_photo.gmpm_photo_portrait { width:100%; height:auto; }\n#GmediaGallery_234 .gmpm_gallery_sources_list p { margin:7px 0; padding:0; font-size:inherit; }\n#GmediaGallery_234 .gmpm_photo_details .gmpm_description_wrap a,\n#GmediaGallery_234 .gmpm_big_button_wrap .gmpm_button.gmpm_like.gmpm_liked,\n#GmediaGallery_234 .gmpm_big_button_wrap .gmpm_button.gmpm_like.gmpm_liked:hover {color:#096900;}\n#GmediaGallery_234 .gmpm_photo_show .gmpm_big_button {background-color:#096900;}\n#GmediaGallery_234 .swiper-small-images div.gmpm_photo.swiper-slide-active {border-color:#096900;}\n#GmediaGallery_234 .gmpm_photo_header .gmpm_name_wrap .gmpm_title_author a:hover,\n#GmediaGallery_234 .gmpm_photo_details .gmpm_description_wrap a:hover {color:#096900;}\n#GmediaGallery_234 .gmpm_photo_show .gmpm_big_button:hover,\n#GmediaGallery_234 .gmpm_focus_actions ul .gmpm_button.like.gmpm_liked {background-color:#096900;}<\/style>\n\t<div class=\"gmpm_photo_show gmpm_w960 gmpm_w640 gmpm_w480\">\n\n\t\t<div class=\"gmpm_photo_wrap has_prev_photo has_next_photo\">\n\t\t\t<div class=\"swiper-container swiper-big-images\">\n\t\t\t\t<div class=\"gmpm_photo_arrow_next gmpm_photo_arrow gmpm_next\">\n\t\t\t\t\t<div title=\"Next\" class=\"gmpm_arrow\"><\/div>\n\t\t\t\t<\/div>\n\t\t\t\t<div class=\"gmpm_photo_arrow_previous gmpm_photo_arrow gmpm_prev\">\n\t\t\t\t\t<div title=\"Previous\" class=\"gmpm_arrow\"><\/div>\n\t\t\t\t<\/div>\n\t\t\t\t<div class=\"swiper-wrapper\">\n\t\t\t\t\t\n\t\t<div class=\"swiper-slide\" data-hash=\"gmedia4105\" data-photo-id=\"4105\"><span class=\"gmpm_va\"><\/span><img decoding=\"async\" src=\"https:\/\/www.heimatverein-delligsen.de\/hvd20\/wp-content\/grand-media\/image\/Die_Wanderer_am_Buswendeplatz_in_Kaierde.jpg\" data-src=\"https:\/\/www.heimatverein-delligsen.de\/hvd20\/wp-content\/grand-media\/image\/Die_Wanderer_am_Buswendeplatz_in_Kaierde.jpg\" alt=\"Die Wanderer am Buswendeplatz in Kaierde\" data-protect=\"Eike Heuer\" class=\"noLazy gmpm_the_photo\"><\/div>\n\t\t<div class=\"swiper-slide\" data-hash=\"gmedia4107\" data-photo-id=\"4107\"><span class=\"gmpm_va\"><\/span><img decoding=\"async\" src=\"https:\/\/www.heimatverein-delligsen.de\/hvd20\/wp-content\/grand-media\/image\/Dieser_Platz_war_einst_der_Kaierder_Sportplatz.jpg\" data-src=\"https:\/\/www.heimatverein-delligsen.de\/hvd20\/wp-content\/grand-media\/image\/Dieser_Platz_war_einst_der_Kaierder_Sportplatz.jpg\" alt=\"Dieser Platz war einst der Kaierder Sportplatz\" data-protect=\"Eike Heuer\" class=\"noLazy gmpm_the_photo\"><\/div>\n\t\t<div class=\"swiper-slide\" data-hash=\"gmedia4103\" data-photo-id=\"4103\"><span class=\"gmpm_va\"><\/span><img decoding=\"async\" src=\"https:\/\/www.heimatverein-delligsen.de\/hvd20\/wp-content\/grand-media\/image\/Blick_auf_Kaierde.jpg\" data-src=\"https:\/\/www.heimatverein-delligsen.de\/hvd20\/wp-content\/grand-media\/image\/Blick_auf_Kaierde.jpg\" alt=\"Blick auf Kaierde\" data-protect=\"Eike Heuer\" class=\"noLazy gmpm_the_photo\"><\/div>\n\t\t<div class=\"swiper-slide\" data-hash=\"gmedia4106\" data-photo-id=\"4106\"><span class=\"gmpm_va\"><\/span><img decoding=\"async\" src=\"https:\/\/www.heimatverein-delligsen.de\/hvd20\/wp-content\/grand-media\/image\/Die_Route_f_hrt_durch_den_Herbstwald.jpg\" data-src=\"https:\/\/www.heimatverein-delligsen.de\/hvd20\/wp-content\/grand-media\/image\/Die_Route_f_hrt_durch_den_Herbstwald.jpg\" alt=\"Die Route f\u00fchrt durch den Herbstwald\" data-protect=\"Eike Heuer\" class=\"noLazy gmpm_the_photo\"><\/div>\n\t\t<div class=\"swiper-slide\" data-hash=\"gmedia4113\" data-photo-id=\"4113\"><span class=\"gmpm_va\"><\/span><img decoding=\"async\" src=\"https:\/\/www.heimatverein-delligsen.de\/hvd20\/wp-content\/grand-media\/image\/Rast_in_Bornemannshausen.jpg\" data-src=\"https:\/\/www.heimatverein-delligsen.de\/hvd20\/wp-content\/grand-media\/image\/Rast_in_Bornemannshausen.jpg\" alt=\"Rast in Bornemannshausen\" data-protect=\"Eike Heuer\" class=\"noLazy gmpm_the_photo\"><\/div>\n\t\t<div class=\"swiper-slide\" data-hash=\"gmedia4111\" data-photo-id=\"4111\"><span class=\"gmpm_va\"><\/span><img decoding=\"async\" src=\"https:\/\/www.heimatverein-delligsen.de\/hvd20\/wp-content\/grand-media\/image\/Idyllische_Landschaft_in_Bornemannshausen.jpg\" data-src=\"https:\/\/www.heimatverein-delligsen.de\/hvd20\/wp-content\/grand-media\/image\/Idyllische_Landschaft_in_Bornemannshausen.jpg\" alt=\"Idyllische Landschaft in Bornemannshausen\" data-protect=\"Eike Heuer\" class=\"noLazy gmpm_the_photo\"><\/div>\n\t\t<div class=\"swiper-slide\" data-hash=\"gmedia4104\" data-photo-id=\"4104\"><span class=\"gmpm_va\"><\/span><img decoding=\"async\" src=\"https:\/\/www.heimatverein-delligsen.de\/hvd20\/wp-content\/grand-media\/image\/Bornemannshausen.jpg\" data-src=\"https:\/\/www.heimatverein-delligsen.de\/hvd20\/wp-content\/grand-media\/image\/Bornemannshausen.jpg\" alt=\"Bornemannshausen\" data-protect=\"Eike Heuer\" class=\"noLazy gmpm_the_photo\"><\/div>\n\t\t<div class=\"swiper-slide\" data-hash=\"gmedia4112\" data-photo-id=\"4112\"><span class=\"gmpm_va\"><\/span><img decoding=\"async\" src=\"https:\/\/www.heimatverein-delligsen.de\/hvd20\/wp-content\/grand-media\/image\/Rast_in_Bornemannshausen_2.jpg\" data-src=\"https:\/\/www.heimatverein-delligsen.de\/hvd20\/wp-content\/grand-media\/image\/Rast_in_Bornemannshausen_2.jpg\" alt=\"Rast in Bornemannshausen\" data-protect=\"Eike Heuer\" class=\"noLazy gmpm_the_photo\"><\/div>\n\t\t<div class=\"swiper-slide\" data-hash=\"gmedia4102\" data-photo-id=\"4102\"><span class=\"gmpm_va\"><\/span><img decoding=\"async\" src=\"https:\/\/www.heimatverein-delligsen.de\/hvd20\/wp-content\/grand-media\/image\/Abschluss_am_Grillplatz_Tauben_S_tter.jpg\" data-src=\"https:\/\/www.heimatverein-delligsen.de\/hvd20\/wp-content\/grand-media\/image\/Abschluss_am_Grillplatz_Tauben_S_tter.jpg\" alt=\"Abschluss am Grillplatz Am Taubens\u00fctter\" data-protect=\"Eike Heuer\" class=\"noLazy gmpm_the_photo\"><\/div>\n\t\t<div class=\"swiper-slide\" data-hash=\"gmedia4109\" data-photo-id=\"4109\"><span class=\"gmpm_va\"><\/span><img decoding=\"async\" src=\"https:\/\/www.heimatverein-delligsen.de\/hvd20\/wp-content\/grand-media\/image\/Grillplatz_Am_Taubens_tter_2_.jpg\" data-src=\"https:\/\/www.heimatverein-delligsen.de\/hvd20\/wp-content\/grand-media\/image\/Grillplatz_Am_Taubens_tter_2_.jpg\" alt=\"Grillplatz Am Taubens\u00fctter\" data-protect=\"Eike Heuer\" class=\"noLazy gmpm_the_photo\"><\/div>\n\t\t<div class=\"swiper-slide\" data-hash=\"gmedia4108\" data-photo-id=\"4108\"><span class=\"gmpm_va\"><\/span><img decoding=\"async\" src=\"https:\/\/www.heimatverein-delligsen.de\/hvd20\/wp-content\/grand-media\/image\/Grillplatz_Am_Taubens_tter.jpg\" data-src=\"https:\/\/www.heimatverein-delligsen.de\/hvd20\/wp-content\/grand-media\/image\/Grillplatz_Am_Taubens_tter.jpg\" alt=\"Grillplatz Am Taubens\u00fctter\" data-protect=\"Eike Heuer\" class=\"noLazy gmpm_the_photo\"><\/div>\n\t\t<div class=\"swiper-slide\" data-hash=\"gmedia4110\" data-photo-id=\"4110\"><span class=\"gmpm_va\"><\/span><img decoding=\"async\" src=\"https:\/\/www.heimatverein-delligsen.de\/hvd20\/wp-content\/grand-media\/image\/Heimatverein_Kaierde_sorgt_f_r_Essen.jpg\" data-src=\"https:\/\/www.heimatverein-delligsen.de\/hvd20\/wp-content\/grand-media\/image\/Heimatverein_Kaierde_sorgt_f_r_Essen.jpg\" alt=\"Heimatverein Kaierde sorgt f\u00fcr Essen\" data-protect=\"Eike Heuer\" class=\"noLazy gmpm_the_photo\"><\/div>\t\t\t\t<\/div>\n\t\t\t<\/div>\n\t\t<\/div>\n\n\t\t<div class=\"gmpm_photo_header\">\n\t\t\t<div class=\"gmpm_wrapper gmpm_clearfix\">\n\t\t\t\t<div class=\"gmpm_focus_actions\">\n\t\t\t\t\t\t\t\t\t\t\t\t\t\t\t<ul class=\"gmpm_focus_arrows gmpm_clearfix\">\n\t\t\t\t\t\t<li style=\"list-style:none;\"><a class=\"gmpm_button gmpm_photo_arrow_previous gmpm_prev\">Previous<\/a><\/li>\n\t\t\t\t\t\t<li style=\"list-style:none;\"><a class=\"gmpm_button gmpm_photo_arrow_next gmpm_next\">Next<\/a><\/li>\n\t\t\t\t\t<\/ul>\n\t\t\t\t<\/div>\n\t\t\t\t<div class=\"gmpm_name_wrap gmpm_clearfix gmpm_no_avatar\">\n\t\t\t\t\t\t\t\t\t\t<div class=\"gmpm_title_author\">\n\t\t\t\t\t\t<div class=\"gmpm_title\">Die Wanderer am Buswendeplatz in Kaierde<\/div>\n\t\t\t\t\t\t\t\t\t\t\t<\/div>\n\t\t\t\t<\/div>\n\t\t\t\t<div class=\"gmpm_actions gmpm_clearfix\">\n\t\t\t\t\t<div class=\"gmpm_carousel gmpm_has_previous gmpm_has_next\">\n\t\t\t\t\t\t<div class=\"gmpm_previous_button\"><\/div>\n\t\t\t\t\t\t<div class=\"gmpm_photo_carousel\">\n\t\t\t\t\t\t\t<div class=\"swiper-container swiper-small-images\">\n\t\t\t\t\t\t\t\t<div class=\"swiper-wrapper\">\n\t\t\t\t\t\t\t\t\t\n\t\t<div class=\"swiper-slide gmpm_photo\" data-photo-id=\"4105\"><img decoding=\"async\" src=\"https:\/\/www.heimatverein-delligsen.de\/hvd20\/wp-content\/grand-media\/image\/thumb\/Die_Wanderer_am_Buswendeplatz_in_Kaierde.jpg\" data-src=\"https:\/\/www.heimatverein-delligsen.de\/hvd20\/wp-content\/grand-media\/image\/thumb\/Die_Wanderer_am_Buswendeplatz_in_Kaierde.jpg\" alt=\"Die Wanderer am Buswendeplatz in Kaierde\" class=\"noLazy gmpm_photo swiper-lazy gmpm_photo_landscape\"><span class=\"swiper-lazy-preloader swiper-lazy-preloader-black\"><\/span><\/div>\n\t\t<div class=\"swiper-slide gmpm_photo\" data-photo-id=\"4107\"><img decoding=\"async\" src=\"https:\/\/www.heimatverein-delligsen.de\/hvd20\/wp-content\/grand-media\/image\/thumb\/Dieser_Platz_war_einst_der_Kaierder_Sportplatz.jpg\" data-src=\"https:\/\/www.heimatverein-delligsen.de\/hvd20\/wp-content\/grand-media\/image\/thumb\/Dieser_Platz_war_einst_der_Kaierder_Sportplatz.jpg\" alt=\"Dieser Platz war einst der Kaierder Sportplatz\" class=\"noLazy gmpm_photo swiper-lazy gmpm_photo_landscape\"><span class=\"swiper-lazy-preloader swiper-lazy-preloader-black\"><\/span><\/div>\n\t\t<div class=\"swiper-slide gmpm_photo\" data-photo-id=\"4103\"><img decoding=\"async\" src=\"https:\/\/www.heimatverein-delligsen.de\/hvd20\/wp-content\/grand-media\/image\/thumb\/Blick_auf_Kaierde.jpg\" data-src=\"https:\/\/www.heimatverein-delligsen.de\/hvd20\/wp-content\/grand-media\/image\/thumb\/Blick_auf_Kaierde.jpg\" alt=\"Blick auf Kaierde\" class=\"noLazy gmpm_photo swiper-lazy gmpm_photo_landscape\"><span class=\"swiper-lazy-preloader swiper-lazy-preloader-black\"><\/span><\/div>\n\t\t<div class=\"swiper-slide gmpm_photo\" data-photo-id=\"4106\"><img decoding=\"async\" src=\"https:\/\/www.heimatverein-delligsen.de\/hvd20\/wp-content\/grand-media\/image\/thumb\/Die_Route_f_hrt_durch_den_Herbstwald.jpg\" data-src=\"https:\/\/www.heimatverein-delligsen.de\/hvd20\/wp-content\/grand-media\/image\/thumb\/Die_Route_f_hrt_durch_den_Herbstwald.jpg\" alt=\"Die Route f\u00fchrt durch den Herbstwald\" class=\"noLazy gmpm_photo swiper-lazy gmpm_photo_landscape\"><span class=\"swiper-lazy-preloader swiper-lazy-preloader-black\"><\/span><\/div>\n\t\t<div class=\"swiper-slide gmpm_photo\" data-photo-id=\"4113\"><img decoding=\"async\" src=\"https:\/\/www.heimatverein-delligsen.de\/hvd20\/wp-content\/grand-media\/image\/thumb\/Rast_in_Bornemannshausen.jpg\" data-src=\"https:\/\/www.heimatverein-delligsen.de\/hvd20\/wp-content\/grand-media\/image\/thumb\/Rast_in_Bornemannshausen.jpg\" alt=\"Rast in Bornemannshausen\" class=\"noLazy gmpm_photo swiper-lazy gmpm_photo_landscape\"><span class=\"swiper-lazy-preloader swiper-lazy-preloader-black\"><\/span><\/div>\n\t\t<div class=\"swiper-slide gmpm_photo\" data-photo-id=\"4111\"><img decoding=\"async\" src=\"https:\/\/www.heimatverein-delligsen.de\/hvd20\/wp-content\/grand-media\/image\/thumb\/Idyllische_Landschaft_in_Bornemannshausen.jpg\" data-src=\"https:\/\/www.heimatverein-delligsen.de\/hvd20\/wp-content\/grand-media\/image\/thumb\/Idyllische_Landschaft_in_Bornemannshausen.jpg\" alt=\"Idyllische Landschaft in Bornemannshausen\" class=\"noLazy gmpm_photo swiper-lazy gmpm_photo_landscape\"><span class=\"swiper-lazy-preloader swiper-lazy-preloader-black\"><\/span><\/div>\n\t\t<div class=\"swiper-slide gmpm_photo\" data-photo-id=\"4104\"><img decoding=\"async\" src=\"https:\/\/www.heimatverein-delligsen.de\/hvd20\/wp-content\/grand-media\/image\/thumb\/Bornemannshausen.jpg\" data-src=\"https:\/\/www.heimatverein-delligsen.de\/hvd20\/wp-content\/grand-media\/image\/thumb\/Bornemannshausen.jpg\" alt=\"Bornemannshausen\" class=\"noLazy gmpm_photo swiper-lazy gmpm_photo_landscape\"><span class=\"swiper-lazy-preloader swiper-lazy-preloader-black\"><\/span><\/div>\n\t\t<div class=\"swiper-slide gmpm_photo\" data-photo-id=\"4112\"><img decoding=\"async\" src=\"https:\/\/www.heimatverein-delligsen.de\/hvd20\/wp-content\/grand-media\/image\/thumb\/Rast_in_Bornemannshausen_2.jpg\" data-src=\"https:\/\/www.heimatverein-delligsen.de\/hvd20\/wp-content\/grand-media\/image\/thumb\/Rast_in_Bornemannshausen_2.jpg\" alt=\"Rast in Bornemannshausen\" class=\"noLazy gmpm_photo swiper-lazy gmpm_photo_landscape\"><span class=\"swiper-lazy-preloader swiper-lazy-preloader-black\"><\/span><\/div>\n\t\t<div class=\"swiper-slide gmpm_photo\" data-photo-id=\"4102\"><img decoding=\"async\" src=\"https:\/\/www.heimatverein-delligsen.de\/hvd20\/wp-content\/grand-media\/image\/thumb\/Abschluss_am_Grillplatz_Tauben_S_tter.jpg\" data-src=\"https:\/\/www.heimatverein-delligsen.de\/hvd20\/wp-content\/grand-media\/image\/thumb\/Abschluss_am_Grillplatz_Tauben_S_tter.jpg\" alt=\"Abschluss am Grillplatz Am Taubens\u00fctter\" class=\"noLazy gmpm_photo swiper-lazy gmpm_photo_landscape\"><span class=\"swiper-lazy-preloader swiper-lazy-preloader-black\"><\/span><\/div>\n\t\t<div class=\"swiper-slide gmpm_photo\" data-photo-id=\"4109\"><img decoding=\"async\" src=\"https:\/\/www.heimatverein-delligsen.de\/hvd20\/wp-content\/grand-media\/image\/thumb\/Grillplatz_Am_Taubens_tter_2_.jpg\" data-src=\"https:\/\/www.heimatverein-delligsen.de\/hvd20\/wp-content\/grand-media\/image\/thumb\/Grillplatz_Am_Taubens_tter_2_.jpg\" alt=\"Grillplatz Am Taubens\u00fctter\" class=\"noLazy gmpm_photo swiper-lazy gmpm_photo_landscape\"><span class=\"swiper-lazy-preloader swiper-lazy-preloader-black\"><\/span><\/div>\n\t\t<div class=\"swiper-slide gmpm_photo\" data-photo-id=\"4108\"><img decoding=\"async\" src=\"https:\/\/www.heimatverein-delligsen.de\/hvd20\/wp-content\/grand-media\/image\/thumb\/Grillplatz_Am_Taubens_tter.jpg\" data-src=\"https:\/\/www.heimatverein-delligsen.de\/hvd20\/wp-content\/grand-media\/image\/thumb\/Grillplatz_Am_Taubens_tter.jpg\" alt=\"Grillplatz Am Taubens\u00fctter\" class=\"noLazy gmpm_photo swiper-lazy gmpm_photo_landscape\"><span class=\"swiper-lazy-preloader swiper-lazy-preloader-black\"><\/span><\/div>\n\t\t<div class=\"swiper-slide gmpm_photo\" data-photo-id=\"4110\"><img decoding=\"async\" src=\"https:\/\/www.heimatverein-delligsen.de\/hvd20\/wp-content\/grand-media\/image\/thumb\/Heimatverein_Kaierde_sorgt_f_r_Essen.jpg\" data-src=\"https:\/\/www.heimatverein-delligsen.de\/hvd20\/wp-content\/grand-media\/image\/thumb\/Heimatverein_Kaierde_sorgt_f_r_Essen.jpg\" alt=\"Heimatverein Kaierde sorgt f\u00fcr Essen\" class=\"noLazy gmpm_photo swiper-lazy gmpm_photo_landscape\"><span class=\"swiper-lazy-preloader swiper-lazy-preloader-black\"><\/span><\/div>\t\t\t\t\t\t\t\t<\/div>\n\t\t\t\t\t\t\t<\/div>\n\t\t\t\t\t\t<\/div>\n\t\t\t\t\t\t<div class=\"gmpm_next_button\"><\/div>\n\t\t\t\t\t<\/div>\n\t\t\t\t\t\t\t\t\t\t\t\t\t\t\t\t\t\t\t\t\t\t\t\t<\/div>\n\t\t\t<\/div>\n\t\t<\/div>\n\t\t<div class=\"gmpm_focus_close_full\">\n\t\t\t<span><a class=\"gmpm_button gmpm_close\">Close<\/a><\/span>\n\t\t\t<span><a class=\"gmpm_button gmpm_full\">Full<\/a><\/span>\n\t\t<\/div>\n\t\t<div class=\"gmpm_photo_details\">\n\t\t\t<div class=\"gmpm_description_wrap empty-item-description\">\n\t\t\t\t\t\t\t<\/div>\n\t\t<\/div>\n\n\t\t<div class=\"gmpm_focus_footer\">\n\t\t\t<div class=\"gmpm_focus_keyboard\">\n\t\t\t\t<div class=\"gmpm_focus_keyboard_title\">Keyboard Shortcuts <a class=\"gmpm_focus_keyboard_dismiss\">Dismiss<\/a><\/div>\n\t\t\t\t<ul>\n\t\t\t\t\t<li style=\"list-style:none;\"><a data-key=\"p\" class=\"gmpm_key\">S<\/a><span class=\"gmpm_label\">Slideshow<\/span><\/li>\n\t\t\t\t\t<li style=\"list-style:none;\"><a data-key=\"m\" class=\"gmpm_key\">M<\/a><span class=\"gmpm_label\">Maximize<\/span><\/li>\n\t\t\t\t\t<li style=\"list-style:none;\"><a data-key=\"left\" class=\"gmpm_key\">&nbsp;<\/a><span class=\"gmpm_label\">Previous<\/span><\/li>\n\t\t\t\t\t<li style=\"list-style:none;\"><a data-key=\"right\" class=\"gmpm_key\">&nbsp;<\/a><span class=\"gmpm_label\">Next<\/span><\/li>\n\t\t\t\t\t<li style=\"list-style:none;\"><a data-key=\"escape\" class=\"gmpm_key gmpm_esc\">esc<\/a><span class=\"gmpm_label\">Close<\/span><\/li>\n\t\t\t\t<\/ul>\n\t\t\t<\/div>\n\t\t<\/div>\n\n\t<\/div>\n\n\t<script type=\"text\/javascript\">\n\t\t\tdocument.addEventListener( 'DOMContentLoaded', function() {\n\t\t\t\tjQuery( function( $ ) {\n\t\t\t\t\tvar settings = {\"show_comments\":\"0\",\"show_download_button\":\"0\",\"show_link_button\":\"0\",\"show_description\":\"0\",\"show_author_avatar\":\"0\",\"show_author_name\":\"0\",\"show_share_button\":\"0\",\"show_like_button\":\"0\",\"link_color\":\"096900\",\"link_color_hover\":\"096900\",\"description_title\":\"Beschreibung\",\"ID\":234,\"url\":\"https:\\\/\\\/www.heimatverein-delligsen.de?rest_route=%2Fwp%2Fv2%2Fposts%2F9665\",\"moduleUrl\":\"https:\\\/\\\/www.heimatverein-delligsen.de\\\/hvd20\\\/wp-content\\\/grand-media\\\/module\\\/photomania\",\"initial_slide\":0};\n\t\t\t\t\tvar content = {\"data\":[{\"id\":\"4105\",\"type\":\"image\",\"file\":\"Die_Wanderer_am_Buswendeplatz_in_Kaierde.jpg\",\"meta\":{\"width\":1707,\"height\":1280,\"views\":559,\"likes\":0},\"title\":\"Die Wanderer am Buswendeplatz in Kaierde\",\"alt\":\"Die Wanderer am Buswendeplatz in Kaierde\",\"author\":{\"name\":\"Eike Heuer\",\"posts_link\":\"https:\\\/\\\/www.heimatverein-delligsen.de\\\/?author=1\"},\"post_link\":\"https:\\\/\\\/www.heimatverein-delligsen.de\\\/?gmedia=die_wanderer_am_buswendeplatz_in_kaierde-jpg\",\"ratio\":1.333593749999999911182158029987476766109466552734375},{\"id\":\"4107\",\"type\":\"image\",\"file\":\"Dieser_Platz_war_einst_der_Kaierder_Sportplatz.jpg\",\"meta\":{\"width\":2040,\"height\":1148,\"views\":67,\"likes\":0},\"title\":\"Dieser Platz war einst der Kaierder Sportplatz\",\"alt\":\"Dieser Platz war einst der Kaierder Sportplatz\",\"author\":{\"name\":\"Eike Heuer\",\"posts_link\":\"https:\\\/\\\/www.heimatverein-delligsen.de\\\/?author=1\"},\"post_link\":\"https:\\\/\\\/www.heimatverein-delligsen.de\\\/?gmedia=dieser_platz_war_einst_der_kaierder_sportplatz-jpg\",\"ratio\":1.7770034843205575469937684829346835613250732421875},{\"id\":\"4103\",\"type\":\"image\",\"file\":\"Blick_auf_Kaierde.jpg\",\"meta\":{\"width\":1707,\"height\":1280,\"views\":52,\"likes\":0},\"title\":\"Blick auf Kaierde\",\"alt\":\"Blick auf Kaierde\",\"author\":{\"name\":\"Eike Heuer\",\"posts_link\":\"https:\\\/\\\/www.heimatverein-delligsen.de\\\/?author=1\"},\"post_link\":\"https:\\\/\\\/www.heimatverein-delligsen.de\\\/?gmedia=blick_auf_kaierde-jpg\",\"ratio\":1.333593749999999911182158029987476766109466552734375},{\"id\":\"4106\",\"type\":\"image\",\"file\":\"Die_Route_f_hrt_durch_den_Herbstwald.jpg\",\"meta\":{\"width\":1707,\"height\":1280,\"views\":61,\"likes\":0},\"title\":\"Die Route f\\u00fchrt durch den Herbstwald\",\"alt\":\"Die Route f\\u00fchrt durch den Herbstwald\",\"author\":{\"name\":\"Eike Heuer\",\"posts_link\":\"https:\\\/\\\/www.heimatverein-delligsen.de\\\/?author=1\"},\"post_link\":\"https:\\\/\\\/www.heimatverein-delligsen.de\\\/?gmedia=die_route_f_hrt_durch_den_herbstwald-jpg\",\"ratio\":1.333593749999999911182158029987476766109466552734375},{\"id\":\"4113\",\"type\":\"image\",\"file\":\"Rast_in_Bornemannshausen.jpg\",\"meta\":{\"width\":1707,\"height\":1280,\"views\":55,\"likes\":0},\"title\":\"Rast in Bornemannshausen\",\"alt\":\"Rast in Bornemannshausen\",\"author\":{\"name\":\"Eike Heuer\",\"posts_link\":\"https:\\\/\\\/www.heimatverein-delligsen.de\\\/?author=1\"},\"post_link\":\"https:\\\/\\\/www.heimatverein-delligsen.de\\\/?gmedia=rast_in_bornemannshausen-jpg\",\"ratio\":1.333593749999999911182158029987476766109466552734375},{\"id\":\"4111\",\"type\":\"image\",\"file\":\"Idyllische_Landschaft_in_Bornemannshausen.jpg\",\"meta\":{\"width\":1707,\"height\":1280,\"views\":43,\"likes\":0},\"title\":\"Idyllische Landschaft in Bornemannshausen\",\"alt\":\"Idyllische Landschaft in Bornemannshausen\",\"author\":{\"name\":\"Eike Heuer\",\"posts_link\":\"https:\\\/\\\/www.heimatverein-delligsen.de\\\/?author=1\"},\"post_link\":\"https:\\\/\\\/www.heimatverein-delligsen.de\\\/?gmedia=idyllische_landschaft_in_bornemannshausen-jpg\",\"ratio\":1.333593749999999911182158029987476766109466552734375},{\"id\":\"4104\",\"type\":\"image\",\"file\":\"Bornemannshausen.jpg\",\"meta\":{\"width\":1707,\"height\":1280,\"views\":55,\"likes\":0},\"title\":\"Bornemannshausen\",\"alt\":\"Bornemannshausen\",\"author\":{\"name\":\"Eike Heuer\",\"posts_link\":\"https:\\\/\\\/www.heimatverein-delligsen.de\\\/?author=1\"},\"post_link\":\"https:\\\/\\\/www.heimatverein-delligsen.de\\\/?gmedia=bornemannshausen-jpg\",\"ratio\":1.333593749999999911182158029987476766109466552734375},{\"id\":\"4112\",\"type\":\"image\",\"file\":\"Rast_in_Bornemannshausen_2.jpg\",\"meta\":{\"width\":2040,\"height\":1148,\"views\":57,\"likes\":0},\"title\":\"Rast in Bornemannshausen\",\"alt\":\"Rast in Bornemannshausen\",\"author\":{\"name\":\"Eike Heuer\",\"posts_link\":\"https:\\\/\\\/www.heimatverein-delligsen.de\\\/?author=1\"},\"post_link\":\"https:\\\/\\\/www.heimatverein-delligsen.de\\\/?gmedia=rast_in_bornemannshausen_2-jpg\",\"ratio\":1.7770034843205575469937684829346835613250732421875},{\"id\":\"4102\",\"type\":\"image\",\"file\":\"Abschluss_am_Grillplatz_Tauben_S_tter.jpg\",\"meta\":{\"width\":1707,\"height\":1280,\"views\":52,\"likes\":0},\"title\":\"Abschluss am Grillplatz Am Taubens\\u00fctter\",\"alt\":\"Abschluss am Grillplatz Am Taubens\\u00fctter\",\"author\":{\"name\":\"Eike Heuer\",\"posts_link\":\"https:\\\/\\\/www.heimatverein-delligsen.de\\\/?author=1\"},\"post_link\":\"https:\\\/\\\/www.heimatverein-delligsen.de\\\/?gmedia=abschluss_am_grillplatz_tauben_s_tter-jpg\",\"ratio\":1.333593749999999911182158029987476766109466552734375},{\"id\":\"4109\",\"type\":\"image\",\"file\":\"Grillplatz_Am_Taubens_tter_2_.jpg\",\"meta\":{\"width\":2040,\"height\":1148,\"views\":60,\"likes\":0},\"title\":\"Grillplatz Am Taubens\\u00fctter\",\"alt\":\"Grillplatz Am Taubens\\u00fctter\",\"author\":{\"name\":\"Eike Heuer\",\"posts_link\":\"https:\\\/\\\/www.heimatverein-delligsen.de\\\/?author=1\"},\"post_link\":\"https:\\\/\\\/www.heimatverein-delligsen.de\\\/?gmedia=grillplatz_am_taubens_tter_2_-jpg\",\"ratio\":1.7770034843205575469937684829346835613250732421875},{\"id\":\"4108\",\"type\":\"image\",\"file\":\"Grillplatz_Am_Taubens_tter.jpg\",\"meta\":{\"width\":2040,\"height\":1148,\"views\":56,\"likes\":0},\"title\":\"Grillplatz Am Taubens\\u00fctter\",\"alt\":\"Grillplatz Am Taubens\\u00fctter\",\"author\":{\"name\":\"Eike Heuer\",\"posts_link\":\"https:\\\/\\\/www.heimatverein-delligsen.de\\\/?author=1\"},\"post_link\":\"https:\\\/\\\/www.heimatverein-delligsen.de\\\/?gmedia=grillplatz_am_taubens_tter-jpg\",\"ratio\":1.7770034843205575469937684829346835613250732421875},{\"id\":\"4110\",\"type\":\"image\",\"file\":\"Heimatverein_Kaierde_sorgt_f_r_Essen.jpg\",\"meta\":{\"width\":2040,\"height\":1148,\"views\":53,\"likes\":0},\"title\":\"Heimatverein Kaierde sorgt f\\u00fcr Essen\",\"alt\":\"Heimatverein Kaierde sorgt f\\u00fcr Essen\",\"author\":{\"name\":\"Eike Heuer\",\"posts_link\":\"https:\\\/\\\/www.heimatverein-delligsen.de\\\/?author=1\"},\"post_link\":\"https:\\\/\\\/www.heimatverein-delligsen.de\\\/?gmedia=heimatverein_kaierde_sorgt_f_r_essen-jpg\",\"ratio\":1.7770034843205575469937684829346835613250732421875}],\"terms\":[]};\n\t\t\t\t\tvar container = $( '#GmediaGallery_234' );\n\t\t\t\t\tcontainer.photomania( settings, content );\n\t\t\t\t\twindow.GmediaGallery_234 = container.data( 'photomania' );\n\t\t\t\t} );\n\t\t\t} );\n\t<\/script><\/div>\n<p><em>[Bericht von B\u00e4rbel Negraszus bereitgestellt]<br \/>\n[Bilder von B\u00e4rbel Negraszus und Thomas Krengel bereitgestellt]<br \/>\n<\/em><\/p>\n<div data-animation=\"no-animation\" data-icons-animation=\"wobble\" data-overlay=\"\" data-change-size=\"\" data-button-size=\"1\" style=\"font-size:1em!important;display:none;\" class=\"supsystic-social-sharing supsystic-social-sharing-package-flat supsystic-social-sharing-hide-on-homepage supsystic-social-sharing-hide-on-mobile supsystic-social-sharing-spacing supsystic-social-sharing-content supsystic-social-sharing-content-align-right\" data-text=\"\"><a data-networks=\"[]\" class=\"social-sharing-button sharer-flat sharer-flat-4 counter-standard without-counter facebook\" target=\"_blank\" title=\"Facebook\" href=\"http:\/\/www.facebook.com\/sharer.php?u=https%3A%2F%2Fwww.heimatverein-delligsen.de%2F%3Fp%3D9665\" data-main-href=\"http:\/\/www.facebook.com\/sharer.php?u={url}\" data-nid=\"1\" data-name=\"\" data-pid=\"1\" data-post-id=\"9665\" data-url=\"https:\/\/www.heimatverein-delligsen.de\/hvd20\/wp-admin\/admin-ajax.php\" rel=\"nofollow\" data-mailto=\"\"><i class=\"fa-ssbs fa-ssbs-fw fa-ssbs-facebook\"><\/i><div class=\"counter-wrap standard\"><span class=\"counter\">0<\/span><\/div><\/a><a data-networks=\"[]\" class=\"social-sharing-button sharer-flat sharer-flat-4 counter-standard without-counter twitter\" target=\"_blank\" title=\"Twitter\" href=\"https:\/\/twitter.com\/share?url=https%3A%2F%2Fwww.heimatverein-delligsen.de%2F%3Fp%3D9665&text=Heimatverein+Delligsen+stark+vertreten+bei+der+Sternwanderung+in+Kaierde\" data-main-href=\"https:\/\/twitter.com\/share?url={url}&text={title}\" data-nid=\"2\" data-name=\"\" data-pid=\"1\" data-post-id=\"9665\" data-url=\"https:\/\/www.heimatverein-delligsen.de\/hvd20\/wp-admin\/admin-ajax.php\" rel=\"nofollow\" data-mailto=\"\"><i class=\"fa-ssbs fa-ssbs-fw fa-ssbs-twitter\"><\/i><div class=\"counter-wrap standard\"><span class=\"counter\">0<\/span><\/div><\/a><a data-networks=\"[]\" class=\"social-sharing-button sharer-flat sharer-flat-4 counter-standard without-counter googleplus\" target=\"_blank\" title=\"Google+\" href=\"https:\/\/plus.google.com\/share?url=https%3A%2F%2Fwww.heimatverein-delligsen.de%2F%3Fp%3D9665\" data-main-href=\"https:\/\/plus.google.com\/share?url={url}\" data-nid=\"3\" data-name=\"\" data-pid=\"1\" data-post-id=\"9665\" data-url=\"https:\/\/www.heimatverein-delligsen.de\/hvd20\/wp-admin\/admin-ajax.php\" rel=\"nofollow\" data-mailto=\"\"><i class=\"fa-ssbs fa-ssbs-fw fa-ssbs-google-plus\"><\/i><div class=\"counter-wrap standard\"><span class=\"counter\">0<\/span><\/div><\/a><a data-networks=\"[]\" class=\"social-sharing-button sharer-flat sharer-flat-4 counter-standard without-counter mail\" target=\"_blank\" title=\"Mail\" href=\"#\" data-main-href=\"#\" data-nid=\"16\" data-name=\"\" data-pid=\"1\" data-post-id=\"9665\" data-url=\"https:\/\/www.heimatverein-delligsen.de\/hvd20\/wp-admin\/admin-ajax.php\" rel=\"nofollow\" data-mailto=\"\"><i class=\"fa-ssbs fa-ssbs-fw fa-ssbs-envelope-o\"><\/i><div class=\"counter-wrap standard\"><span class=\"counter\">0<\/span><\/div><\/a><a data-networks=\"[]\" class=\"social-sharing-button sharer-flat sharer-flat-4 counter-standard without-counter print\" target=\"_blank\" title=\"Drucken\" href=\"#\" data-main-href=\"#\" data-nid=\"14\" data-name=\"\" data-pid=\"1\" data-post-id=\"9665\" data-url=\"https:\/\/www.heimatverein-delligsen.de\/hvd20\/wp-admin\/admin-ajax.php\" rel=\"nofollow\" data-mailto=\"\"><i class=\"fa-ssbs fa-ssbs-fw fa-ssbs-print\"><\/i><div class=\"counter-wrap standard\"><span class=\"counter\">0<\/span><\/div><\/a><\/div>","protected":false},"excerpt":{"rendered":"<div data-animation=\"no-animation\" data-icons-animation=\"wobble\" data-overlay=\"\" data-change-size=\"\" data-button-size=\"1\" style=\"font-size:1em!important;display:none;\" class=\"supsystic-social-sharing supsystic-social-sharing-package-flat supsystic-social-sharing-hide-on-homepage supsystic-social-sharing-hide-on-mobile supsystic-social-sharing-spacing supsystic-social-sharing-content supsystic-social-sharing-content-align-right\" data-text=\"\"><a data-networks=\"[]\" class=\"social-sharing-button sharer-flat sharer-flat-4 counter-standard without-counter facebook\" target=\"_blank\" title=\"Facebook\" href=\"http:\/\/www.facebook.com\/sharer.php?u=https%3A%2F%2Fwww.heimatverein-delligsen.de%2F%3Fp%3D9665\" data-main-href=\"http:\/\/www.facebook.com\/sharer.php?u={url}\" data-nid=\"1\" data-name=\"\" data-pid=\"1\" data-post-id=\"9665\" data-url=\"https:\/\/www.heimatverein-delligsen.de\/hvd20\/wp-admin\/admin-ajax.php\" rel=\"nofollow\" data-mailto=\"\"><i class=\"fa-ssbs fa-ssbs-fw fa-ssbs-facebook\"><\/i><div class=\"counter-wrap standard\"><span class=\"counter\">0<\/span><\/div><\/a><a data-networks=\"[]\" class=\"social-sharing-button sharer-flat sharer-flat-4 counter-standard without-counter twitter\" target=\"_blank\" title=\"Twitter\" href=\"https:\/\/twitter.com\/share?url=https%3A%2F%2Fwww.heimatverein-delligsen.de%2F%3Fp%3D9665&text=Heimatverein+Delligsen+stark+vertreten+bei+der+Sternwanderung+in+Kaierde\" data-main-href=\"https:\/\/twitter.com\/share?url={url}&text={title}\" data-nid=\"2\" data-name=\"\" data-pid=\"1\" data-post-id=\"9665\" data-url=\"https:\/\/www.heimatverein-delligsen.de\/hvd20\/wp-admin\/admin-ajax.php\" rel=\"nofollow\" data-mailto=\"\"><i class=\"fa-ssbs fa-ssbs-fw fa-ssbs-twitter\"><\/i><div class=\"counter-wrap standard\"><span class=\"counter\">0<\/span><\/div><\/a><a data-networks=\"[]\" class=\"social-sharing-button sharer-flat sharer-flat-4 counter-standard without-counter googleplus\" target=\"_blank\" title=\"Google+\" href=\"https:\/\/plus.google.com\/share?url=https%3A%2F%2Fwww.heimatverein-delligsen.de%2F%3Fp%3D9665\" data-main-href=\"https:\/\/plus.google.com\/share?url={url}\" data-nid=\"3\" data-name=\"\" data-pid=\"1\" data-post-id=\"9665\" data-url=\"https:\/\/www.heimatverein-delligsen.de\/hvd20\/wp-admin\/admin-ajax.php\" rel=\"nofollow\" data-mailto=\"\"><i class=\"fa-ssbs fa-ssbs-fw fa-ssbs-google-plus\"><\/i><div class=\"counter-wrap standard\"><span class=\"counter\">0<\/span><\/div><\/a><a data-networks=\"[]\" class=\"social-sharing-button sharer-flat sharer-flat-4 counter-standard without-counter mail\" target=\"_blank\" title=\"Mail\" href=\"#\" data-main-href=\"#\" data-nid=\"16\" data-name=\"\" data-pid=\"1\" data-post-id=\"9665\" data-url=\"https:\/\/www.heimatverein-delligsen.de\/hvd20\/wp-admin\/admin-ajax.php\" rel=\"nofollow\" data-mailto=\"\"><i class=\"fa-ssbs fa-ssbs-fw fa-ssbs-envelope-o\"><\/i><div class=\"counter-wrap standard\"><span class=\"counter\">0<\/span><\/div><\/a><a data-networks=\"[]\" class=\"social-sharing-button sharer-flat sharer-flat-4 counter-standard without-counter print\" target=\"_blank\" title=\"Drucken\" href=\"#\" data-main-href=\"#\" data-nid=\"14\" data-name=\"\" data-pid=\"1\" data-post-id=\"9665\" data-url=\"https:\/\/www.heimatverein-delligsen.de\/hvd20\/wp-admin\/admin-ajax.php\" rel=\"nofollow\" data-mailto=\"\"><i class=\"fa-ssbs fa-ssbs-fw fa-ssbs-print\"><\/i><div class=\"counter-wrap standard\"><span class=\"counter\">0<\/span><\/div><\/a><\/div><div data-animation=\"no-animation\" data-icons-animation=\"no-animation\" data-overlay=\"\" data-change-size=\"\" data-button-size=\"0.7\" style=\"font-size:0.7em!important;display:none;\" class=\"supsystic-social-sharing supsystic-social-sharing-package-flat supsystic-social-sharing-hide-on-homepage supsystic-social-sharing-show-only-on-mobile supsystic-social-sharing-spacing supsystic-social-sharing-content supsystic-social-sharing-content-align-center\" data-text=\"\"><a data-networks=\"[]\" class=\"social-sharing-button sharer-flat sharer-flat-4 counter-standard without-counter facebook\" target=\"_blank\" title=\"Facebook\" href=\"http:\/\/www.facebook.com\/sharer.php?u=https%3A%2F%2Fwww.heimatverein-delligsen.de%2F%3Fp%3D9665\" data-main-href=\"http:\/\/www.facebook.com\/sharer.php?u={url}\" data-nid=\"1\" data-name=\"\" data-pid=\"2\" data-post-id=\"9665\" data-url=\"https:\/\/www.heimatverein-delligsen.de\/hvd20\/wp-admin\/admin-ajax.php\" rel=\"nofollow\" data-mailto=\"\"><i class=\"fa-ssbs fa-ssbs-fw fa-ssbs-facebook\"><\/i><div class=\"counter-wrap standard\"><span class=\"counter\">0<\/span><\/div><\/a><a data-networks=\"[]\" class=\"social-sharing-button sharer-flat sharer-flat-4 counter-standard without-counter whatsapp\" target=\"_blank\" title=\"WhatsApp\" href=\"https:\/\/web.whatsapp.com\/send?text=https%3A%2F%2Fwww.heimatverein-delligsen.de%2F%3Fp%3D9665\" data-main-href=\"https:\/\/web.whatsapp.com\/send?text={url}\" data-nid=\"18\" data-name=\"\" data-pid=\"2\" data-post-id=\"9665\" data-url=\"https:\/\/www.heimatverein-delligsen.de\/hvd20\/wp-admin\/admin-ajax.php\" rel=\"nofollow\" data-mailto=\"\"><i class=\"fa-ssbs fa-ssbs-fw fa-ssbs-whatsapp\"><\/i><div class=\"counter-wrap standard\"><span class=\"counter\">0<\/span><\/div><\/a><a data-networks=\"[]\" class=\"social-sharing-button sharer-flat sharer-flat-4 counter-standard without-counter twitter\" target=\"_blank\" title=\"Twitter\" href=\"https:\/\/twitter.com\/share?url=https%3A%2F%2Fwww.heimatverein-delligsen.de%2F%3Fp%3D9665&text=Heimatverein+Delligsen+stark+vertreten+bei+der+Sternwanderung+in+Kaierde\" data-main-href=\"https:\/\/twitter.com\/share?url={url}&text={title}\" data-nid=\"2\" data-name=\"\" data-pid=\"2\" data-post-id=\"9665\" data-url=\"https:\/\/www.heimatverein-delligsen.de\/hvd20\/wp-admin\/admin-ajax.php\" rel=\"nofollow\" data-mailto=\"\"><i class=\"fa-ssbs fa-ssbs-fw fa-ssbs-twitter\"><\/i><div class=\"counter-wrap standard\"><span class=\"counter\">0<\/span><\/div><\/a><a data-networks=\"[]\" class=\"social-sharing-button sharer-flat sharer-flat-4 counter-standard without-counter googleplus\" target=\"_blank\" title=\"Google+\" href=\"https:\/\/plus.google.com\/share?url=https%3A%2F%2Fwww.heimatverein-delligsen.de%2F%3Fp%3D9665\" data-main-href=\"https:\/\/plus.google.com\/share?url={url}\" data-nid=\"3\" data-name=\"\" data-pid=\"2\" data-post-id=\"9665\" data-url=\"https:\/\/www.heimatverein-delligsen.de\/hvd20\/wp-admin\/admin-ajax.php\" rel=\"nofollow\" data-mailto=\"\"><i class=\"fa-ssbs fa-ssbs-fw fa-ssbs-google-plus\"><\/i><div class=\"counter-wrap standard\"><span class=\"counter\">0<\/span><\/div><\/a><a data-networks=\"[]\" class=\"social-sharing-button sharer-flat sharer-flat-4 counter-standard without-counter mail\" target=\"_blank\" title=\"Mail\" href=\"#\" data-main-href=\"#\" data-nid=\"16\" data-name=\"\" data-pid=\"2\" data-post-id=\"9665\" data-url=\"https:\/\/www.heimatverein-delligsen.de\/hvd20\/wp-admin\/admin-ajax.php\" rel=\"nofollow\" data-mailto=\"\"><i class=\"fa-ssbs fa-ssbs-fw fa-ssbs-envelope-o\"><\/i><div class=\"counter-wrap standard\"><span class=\"counter\">0<\/span><\/div><\/a><\/div><p>Am 3. November 2024 fand die traditionelle Sternwanderung statt, diesmal organisiert vom Heimatverein Kaierde. Auch in diesem Jahr zog das<\/p>\n<div data-animation=\"no-animation\" data-icons-animation=\"wobble\" data-overlay=\"\" data-change-size=\"\" data-button-size=\"1\" style=\"font-size:1em!important;display:none;\" class=\"supsystic-social-sharing supsystic-social-sharing-package-flat supsystic-social-sharing-hide-on-homepage supsystic-social-sharing-hide-on-mobile supsystic-social-sharing-spacing supsystic-social-sharing-content supsystic-social-sharing-content-align-right\" data-text=\"\"><a data-networks=\"[]\" class=\"social-sharing-button sharer-flat sharer-flat-4 counter-standard without-counter facebook\" target=\"_blank\" title=\"Facebook\" href=\"http:\/\/www.facebook.com\/sharer.php?u=https%3A%2F%2Fwww.heimatverein-delligsen.de%2F%3Fp%3D9665\" data-main-href=\"http:\/\/www.facebook.com\/sharer.php?u={url}\" data-nid=\"1\" data-name=\"\" data-pid=\"1\" data-post-id=\"9665\" data-url=\"https:\/\/www.heimatverein-delligsen.de\/hvd20\/wp-admin\/admin-ajax.php\" rel=\"nofollow\" data-mailto=\"\"><i class=\"fa-ssbs fa-ssbs-fw fa-ssbs-facebook\"><\/i><div class=\"counter-wrap standard\"><span class=\"counter\">0<\/span><\/div><\/a><a data-networks=\"[]\" class=\"social-sharing-button sharer-flat sharer-flat-4 counter-standard without-counter twitter\" target=\"_blank\" title=\"Twitter\" href=\"https:\/\/twitter.com\/share?url=https%3A%2F%2Fwww.heimatverein-delligsen.de%2F%3Fp%3D9665&text=Heimatverein+Delligsen+stark+vertreten+bei+der+Sternwanderung+in+Kaierde\" data-main-href=\"https:\/\/twitter.com\/share?url={url}&text={title}\" data-nid=\"2\" data-name=\"\" data-pid=\"1\" data-post-id=\"9665\" data-url=\"https:\/\/www.heimatverein-delligsen.de\/hvd20\/wp-admin\/admin-ajax.php\" rel=\"nofollow\" data-mailto=\"\"><i class=\"fa-ssbs fa-ssbs-fw fa-ssbs-twitter\"><\/i><div class=\"counter-wrap standard\"><span class=\"counter\">0<\/span><\/div><\/a><a data-networks=\"[]\" class=\"social-sharing-button sharer-flat sharer-flat-4 counter-standard without-counter googleplus\" target=\"_blank\" title=\"Google+\" href=\"https:\/\/plus.google.com\/share?url=https%3A%2F%2Fwww.heimatverein-delligsen.de%2F%3Fp%3D9665\" data-main-href=\"https:\/\/plus.google.com\/share?url={url}\" data-nid=\"3\" data-name=\"\" data-pid=\"1\" data-post-id=\"9665\" data-url=\"https:\/\/www.heimatverein-delligsen.de\/hvd20\/wp-admin\/admin-ajax.php\" rel=\"nofollow\" data-mailto=\"\"><i class=\"fa-ssbs fa-ssbs-fw fa-ssbs-google-plus\"><\/i><div class=\"counter-wrap standard\"><span class=\"counter\">0<\/span><\/div><\/a><a data-networks=\"[]\" class=\"social-sharing-button sharer-flat sharer-flat-4 counter-standard without-counter mail\" target=\"_blank\" title=\"Mail\" href=\"#\" data-main-href=\"#\" data-nid=\"16\" data-name=\"\" data-pid=\"1\" data-post-id=\"9665\" data-url=\"https:\/\/www.heimatverein-delligsen.de\/hvd20\/wp-admin\/admin-ajax.php\" rel=\"nofollow\" data-mailto=\"\"><i class=\"fa-ssbs fa-ssbs-fw fa-ssbs-envelope-o\"><\/i><div class=\"counter-wrap standard\"><span class=\"counter\">0<\/span><\/div><\/a><a data-networks=\"[]\" class=\"social-sharing-button sharer-flat sharer-flat-4 counter-standard without-counter print\" target=\"_blank\" title=\"Drucken\" href=\"#\" data-main-href=\"#\" data-nid=\"14\" data-name=\"\" data-pid=\"1\" data-post-id=\"9665\" data-url=\"https:\/\/www.heimatverein-delligsen.de\/hvd20\/wp-admin\/admin-ajax.php\" rel=\"nofollow\" data-mailto=\"\"><i class=\"fa-ssbs fa-ssbs-fw fa-ssbs-print\"><\/i><div class=\"counter-wrap standard\"><span class=\"counter\">0<\/span><\/div><\/a><\/div>","protected":false},"author":1,"featured_media":9666,"comment_status":"closed","ping_status":"open","sticky":false,"template":"","format":"standard","meta":{"footnotes":""},"categories":[1],"tags":[],"class_list":["post-9665","post","type-post","status-publish","format-standard","has-post-thumbnail","hentry","category-allgemein"],"_links":{"self":[{"href":"https:\/\/www.heimatverein-delligsen.de\/index.php?rest_route=\/wp\/v2\/posts\/9665","targetHints":{"allow":["GET"]}}],"collection":[{"href":"https:\/\/www.heimatverein-delligsen.de\/index.php?rest_route=\/wp\/v2\/posts"}],"about":[{"href":"https:\/\/www.heimatverein-delligsen.de\/index.php?rest_route=\/wp\/v2\/types\/post"}],"author":[{"embeddable":true,"href":"https:\/\/www.heimatverein-delligsen.de\/index.php?rest_route=\/wp\/v2\/users\/1"}],"replies":[{"embeddable":true,"href":"https:\/\/www.heimatverein-delligsen.de\/index.php?rest_route=%2Fwp%2Fv2%2Fcomments&post=9665"}],"version-history":[{"count":1,"href":"https:\/\/www.heimatverein-delligsen.de\/index.php?rest_route=\/wp\/v2\/posts\/9665\/revisions"}],"predecessor-version":[{"id":9667,"href":"https:\/\/www.heimatverein-delligsen.de\/index.php?rest_route=\/wp\/v2\/posts\/9665\/revisions\/9667"}],"wp:featuredmedia":[{"embeddable":true,"href":"https:\/\/www.heimatverein-delligsen.de\/index.php?rest_route=\/wp\/v2\/media\/9666"}],"wp:attachment":[{"href":"https:\/\/www.heimatverein-delligsen.de\/index.php?rest_route=%2Fwp%2Fv2%2Fmedia&parent=9665"}],"wp:term":[{"taxonomy":"category","embeddable":true,"href":"https:\/\/www.heimatverein-delligsen.de\/index.php?rest_route=%2Fwp%2Fv2%2Fcategories&post=9665"},{"taxonomy":"post_tag","embeddable":true,"href":"https:\/\/www.heimatverein-delligsen.de\/index.php?rest_route=%2Fwp%2Fv2%2Ftags&post=9665"}],"curies":[{"name":"wp","href":"https:\/\/api.w.org\/{rel}","templated":true}]}}